{"id":60532,"date":"2026-04-14T13:19:56","date_gmt":"2026-04-14T16:19:56","guid":{"rendered":"http:\/\/masquenoticiastucuman.com.ar\/?p=60532"},"modified":"2026-04-14T13:19:56","modified_gmt":"2026-04-14T16:19:56","slug":"el-comportamiento-erratico-y-los-comentarios-extremos-de-trump-reavivan-el-debate-sobre-la-salud-mental","status":"publish","type":"post","link":"https:\/\/masquenoticiastucuman.com.ar\/?p=60532","title":{"rendered":"El comportamiento err\u00e1tico y los comentarios extremos de Trump reavivan el debate sobre la salud mental"},"content":{"rendered":"<ul>\n<li>Una serie de declaraciones inconexas, dif\u00edciles de seguir y a veces profanas, coronadas por amenazas, han dejado a muchos con la impresi\u00f3n de un aut\u00f3crata trastornado y loco de poder.<\/li>\n<li>La Casa Blanca rechaz\u00f3 tales evaluaciones, afirmando que Trump est\u00e1 l\u00facido y mantiene a sus oponentes en vilo.<\/li>\n<\/ul>\n<p>\u200bUna serie de declaraciones inconexas, dif\u00edciles de seguir y a veces profanas, coronadas por amenazas, han dejado a muchos con la impresi\u00f3n de un aut\u00f3crata trastornado y loco de poder.La Casa Blanca rechaz\u00f3 tales evaluaciones, afirmando que Trump est\u00e1 l\u00facido y mantiene a sus oponentes en vilo.\u00a0<a href=\"https:\/\/www.clarin.com\/new-york-times-international-weekly\/comportamiento-erratico-comentarios-extremos-trump-reavivan-debate-salud-mental_0_QfyMKFwXel.html\" target=\"_blank\" class=\"feedzy-rss-link-icon\">Read More<\/a><\/p>","protected":false},"excerpt":{"rendered":"<p>Una serie de declaraciones inconexas, dif\u00edciles de seguir y a veces profanas, coronadas por amenazas,&#8230;<\/p>\n","protected":false},"author":1,"featured_media":60533,"comment_status":"open","ping_status":"open","sticky":false,"template":"","format":"standard","meta":{"footnotes":""},"categories":[4],"tags":[],"class_list":["post-60532","post","type-post","status-publish","format-standard","has-post-thumbnail","hentry","category-internacionales"],"_links":{"self":[{"href":"https:\/\/masquenoticiastucuman.com.ar\/index.php?rest_route=\/wp\/v2\/posts\/60532","targetHints":{"allow":["GET"]}}],"collection":[{"href":"https:\/\/masquenoticiastucuman.com.ar\/index.php?rest_route=\/wp\/v2\/posts"}],"about":[{"href":"https:\/\/masquenoticiastucuman.com.ar\/index.php?rest_route=\/wp\/v2\/types\/post"}],"author":[{"embeddable":true,"href":"https:\/\/masquenoticiastucuman.com.ar\/index.php?rest_route=\/wp\/v2\/users\/1"}],"replies":[{"embeddable":true,"href":"https:\/\/masquenoticiastucuman.com.ar\/index.php?rest_route=%2Fwp%2Fv2%2Fcomments&post=60532"}],"version-history":[{"count":0,"href":"https:\/\/masquenoticiastucuman.com.ar\/index.php?rest_route=\/wp\/v2\/posts\/60532\/revisions"}],"wp:featuredmedia":[{"embeddable":true,"href":"https:\/\/masquenoticiastucuman.com.ar\/index.php?rest_route=\/wp\/v2\/media\/60533"}],"wp:attachment":[{"href":"https:\/\/masquenoticiastucuman.com.ar\/index.php?rest_route=%2Fwp%2Fv2%2Fmedia&parent=60532"}],"wp:term":[{"taxonomy":"category","embeddable":true,"href":"https:\/\/masquenoticiastucuman.com.ar\/index.php?rest_route=%2Fwp%2Fv2%2Fcategories&post=60532"},{"taxonomy":"post_tag","embeddable":true,"href":"https:\/\/masquenoticiastucuman.com.ar\/index.php?rest_route=%2Fwp%2Fv2%2Ftags&post=60532"}],"curies":[{"name":"wp","href":"https:\/\/api.w.org\/{rel}","templated":true}]}}