{"id":60536,"date":"2026-04-14T14:03:12","date_gmt":"2026-04-14T17:03:12","guid":{"rendered":"http:\/\/masquenoticiastucuman.com.ar\/?p=60536"},"modified":"2026-04-14T14:03:12","modified_gmt":"2026-04-14T17:03:12","slug":"javier-mascherano-renuncio-como-dt-del-inter-miami-fue-campeon-de-la-mls-en-2025-pero-pego-el-portazo-en-un-giro-inesperado","status":"publish","type":"post","link":"https:\/\/masquenoticiastucuman.com.ar\/?p=60536","title":{"rendered":"Javier Mascherano renunci\u00f3 como DT del Inter Miami: fue campe\u00f3n de la MLS en 2025 pero peg\u00f3 el portazo en un giro inesperado"},"content":{"rendered":"<ul>\n<li>La sorpresiva noticia fue anunciada por la franquicia rosada a trav\u00e9s de sus redes.<\/li>\n<li>Lleg\u00f3 al club en noviembre de 2024 y el a\u00f1o pasado logr\u00f3 festejar el t\u00edtulo de liga.<\/li>\n<li>En la liga actual su equipo lo logr\u00f3 afirmarse pese a que inaugur\u00f3 su nuevo estadio..<\/li>\n<\/ul>\n<p>\u200bLa sorpresiva noticia fue anunciada por la franquicia rosada a trav\u00e9s de sus redes.Lleg\u00f3 al club en noviembre de 2024 y el a\u00f1o pasado logr\u00f3 festejar el t\u00edtulo de liga.En la liga actual su equipo lo logr\u00f3 afirmarse pese a que inaugur\u00f3 su nuevo estadio..\u00a0<a href=\"https:\/\/www.clarin.com\/deportes\/javier-mascherano-renuncio-dt-inter-miami-campeon-mls-2025-pago-caro-mal-comienzo-temporada_0_TtUBNl4ZwM.html\" target=\"_blank\" class=\"feedzy-rss-link-icon\">Read More<\/a><\/p>","protected":false},"excerpt":{"rendered":"<p>La sorpresiva noticia fue anunciada por la franquicia rosada a trav\u00e9s de sus redes. Lleg\u00f3&#8230;<\/p>\n","protected":false},"author":1,"featured_media":0,"comment_status":"open","ping_status":"open","sticky":false,"template":"","format":"standard","meta":{"footnotes":""},"categories":[6],"tags":[],"class_list":["post-60536","post","type-post","status-publish","format-standard","has-post-thumbnail","hentry","category-deportes"],"_links":{"self":[{"href":"https:\/\/masquenoticiastucuman.com.ar\/index.php?rest_route=\/wp\/v2\/posts\/60536","targetHints":{"allow":["GET"]}}],"collection":[{"href":"https:\/\/masquenoticiastucuman.com.ar\/index.php?rest_route=\/wp\/v2\/posts"}],"about":[{"href":"https:\/\/masquenoticiastucuman.com.ar\/index.php?rest_route=\/wp\/v2\/types\/post"}],"author":[{"embeddable":true,"href":"https:\/\/masquenoticiastucuman.com.ar\/index.php?rest_route=\/wp\/v2\/users\/1"}],"replies":[{"embeddable":true,"href":"https:\/\/masquenoticiastucuman.com.ar\/index.php?rest_route=%2Fwp%2Fv2%2Fcomments&post=60536"}],"version-history":[{"count":0,"href":"https:\/\/masquenoticiastucuman.com.ar\/index.php?rest_route=\/wp\/v2\/posts\/60536\/revisions"}],"wp:attachment":[{"href":"https:\/\/masquenoticiastucuman.com.ar\/index.php?rest_route=%2Fwp%2Fv2%2Fmedia&parent=60536"}],"wp:term":[{"taxonomy":"category","embeddable":true,"href":"https:\/\/masquenoticiastucuman.com.ar\/index.php?rest_route=%2Fwp%2Fv2%2Fcategories&post=60536"},{"taxonomy":"post_tag","embeddable":true,"href":"https:\/\/masquenoticiastucuman.com.ar\/index.php?rest_route=%2Fwp%2Fv2%2Ftags&post=60536"}],"curies":[{"name":"wp","href":"https:\/\/api.w.org\/{rel}","templated":true}]}}