{"id":60537,"date":"2026-04-14T16:25:29","date_gmt":"2026-04-14T19:25:29","guid":{"rendered":"http:\/\/masquenoticiastucuman.com.ar\/?p=60537"},"modified":"2026-04-14T16:25:29","modified_gmt":"2026-04-14T19:25:29","slug":"hay-mucha-preocupacion-alerta-maxima-en-un-sector-por-el-brote-de-una-enfermedad-mortal-exotica","status":"publish","type":"post","link":"https:\/\/masquenoticiastucuman.com.ar\/?p=60537","title":{"rendered":"&#8220;Hay mucha preocupaci\u00f3n&#8221;: alerta m\u00e1xima en un sector por el brote de una enfermedad mortal ex\u00f3tica"},"content":{"rendered":"<ul>\n<li>La aparic\u00edon de la patolog\u00eda ovina scrapie sacudi\u00f3 al sector, que desconoce la enfermedad.<\/li>\n<li>Los productores est\u00e1n atentos a c\u00f3mo proceder\u00e1 el Senasa y qu\u00e9 suceder\u00e1 con los mercados externos.<\/li>\n<\/ul>\n<p>\u200bLa aparic\u00edon de la patolog\u00eda ovina scrapie sacudi\u00f3 al sector, que desconoce la enfermedad.Los productores est\u00e1n atentos a c\u00f3mo proceder\u00e1 el Senasa y qu\u00e9 suceder\u00e1 con los mercados externos.\u00a0<a href=\"https:\/\/www.clarin.com\/rural\/mucha-preocupacion-alerta-maxima-sector-brote-enfermedad-mortal-exotica_0_Hu4416nrbB.html\" target=\"_blank\" class=\"feedzy-rss-link-icon\">Read More<\/a><\/p>","protected":false},"excerpt":{"rendered":"<p>La aparic\u00edon de la patolog\u00eda ovina scrapie sacudi\u00f3 al sector, que desconoce la enfermedad. Los&#8230;<\/p>\n","protected":false},"author":1,"featured_media":0,"comment_status":"open","ping_status":"open","sticky":false,"template":"","format":"standard","meta":{"footnotes":""},"categories":[3],"tags":[],"class_list":["post-60537","post","type-post","status-publish","format-standard","has-post-thumbnail","hentry","category-nacionales"],"_links":{"self":[{"href":"https:\/\/masquenoticiastucuman.com.ar\/index.php?rest_route=\/wp\/v2\/posts\/60537","targetHints":{"allow":["GET"]}}],"collection":[{"href":"https:\/\/masquenoticiastucuman.com.ar\/index.php?rest_route=\/wp\/v2\/posts"}],"about":[{"href":"https:\/\/masquenoticiastucuman.com.ar\/index.php?rest_route=\/wp\/v2\/types\/post"}],"author":[{"embeddable":true,"href":"https:\/\/masquenoticiastucuman.com.ar\/index.php?rest_route=\/wp\/v2\/users\/1"}],"replies":[{"embeddable":true,"href":"https:\/\/masquenoticiastucuman.com.ar\/index.php?rest_route=%2Fwp%2Fv2%2Fcomments&post=60537"}],"version-history":[{"count":0,"href":"https:\/\/masquenoticiastucuman.com.ar\/index.php?rest_route=\/wp\/v2\/posts\/60537\/revisions"}],"wp:attachment":[{"href":"https:\/\/masquenoticiastucuman.com.ar\/index.php?rest_route=%2Fwp%2Fv2%2Fmedia&parent=60537"}],"wp:term":[{"taxonomy":"category","embeddable":true,"href":"https:\/\/masquenoticiastucuman.com.ar\/index.php?rest_route=%2Fwp%2Fv2%2Fcategories&post=60537"},{"taxonomy":"post_tag","embeddable":true,"href":"https:\/\/masquenoticiastucuman.com.ar\/index.php?rest_route=%2Fwp%2Fv2%2Ftags&post=60537"}],"curies":[{"name":"wp","href":"https:\/\/api.w.org\/{rel}","templated":true}]}}