{"id":60539,"date":"2026-04-14T15:30:11","date_gmt":"2026-04-14T18:30:11","guid":{"rendered":"http:\/\/masquenoticiastucuman.com.ar\/?p=60539"},"modified":"2026-04-14T15:30:11","modified_gmt":"2026-04-14T18:30:11","slug":"la-union-europea-envia-al-presidente-del-consejo-europeo-al-golfo-persico-y-propone-una-coalicion-naval-para-proteger-el-estrecho-de-ormuz","status":"publish","type":"post","link":"https:\/\/masquenoticiastucuman.com.ar\/?p=60539","title":{"rendered":"La Uni\u00f3n Europea env\u00eda al presidente del Consejo Europeo al Golfo P\u00e9rsico y propone una coalici\u00f3n naval para proteger el Estrecho de Ormuz"},"content":{"rendered":"<ul>\n<li>El bloque sigue firme en su postura de no entrar en la guerra, pero s\u00ed tendr\u00e1 un papel en la posguerra.<\/li>\n<li>Antonio Costa visita Emiratos \u00c1rabes, Arabia Saudita y Qatar. Buscan involucrar a una amplia cantidad de pa\u00edses.<\/li>\n<\/ul>\n<p>\u200bEl bloque sigue firme en su postura de no entrar en la guerra, pero s\u00ed tendr\u00e1 un papel en la posguerra.Antonio Costa visita Emiratos \u00c1rabes, Arabia Saudita y Qatar. Buscan involucrar a una amplia cantidad de pa\u00edses.\u00a0<a href=\"https:\/\/www.clarin.com\/mundo\/union-europea-envia-presidente-consejo-europeo-golfo-persico-propone-coalicion-naval-proteger-estrecho-ormuz_0_GD8f8P46fg.html\" target=\"_blank\" class=\"feedzy-rss-link-icon\">Read More<\/a><\/p>","protected":false},"excerpt":{"rendered":"<p>El bloque sigue firme en su postura de no entrar en la guerra, pero s\u00ed&#8230;<\/p>\n","protected":false},"author":1,"featured_media":60540,"comment_status":"open","ping_status":"open","sticky":false,"template":"","format":"standard","meta":{"footnotes":""},"categories":[4],"tags":[],"class_list":["post-60539","post","type-post","status-publish","format-standard","has-post-thumbnail","hentry","category-internacionales"],"_links":{"self":[{"href":"https:\/\/masquenoticiastucuman.com.ar\/index.php?rest_route=\/wp\/v2\/posts\/60539","targetHints":{"allow":["GET"]}}],"collection":[{"href":"https:\/\/masquenoticiastucuman.com.ar\/index.php?rest_route=\/wp\/v2\/posts"}],"about":[{"href":"https:\/\/masquenoticiastucuman.com.ar\/index.php?rest_route=\/wp\/v2\/types\/post"}],"author":[{"embeddable":true,"href":"https:\/\/masquenoticiastucuman.com.ar\/index.php?rest_route=\/wp\/v2\/users\/1"}],"replies":[{"embeddable":true,"href":"https:\/\/masquenoticiastucuman.com.ar\/index.php?rest_route=%2Fwp%2Fv2%2Fcomments&post=60539"}],"version-history":[{"count":0,"href":"https:\/\/masquenoticiastucuman.com.ar\/index.php?rest_route=\/wp\/v2\/posts\/60539\/revisions"}],"wp:featuredmedia":[{"embeddable":true,"href":"https:\/\/masquenoticiastucuman.com.ar\/index.php?rest_route=\/wp\/v2\/media\/60540"}],"wp:attachment":[{"href":"https:\/\/masquenoticiastucuman.com.ar\/index.php?rest_route=%2Fwp%2Fv2%2Fmedia&parent=60539"}],"wp:term":[{"taxonomy":"category","embeddable":true,"href":"https:\/\/masquenoticiastucuman.com.ar\/index.php?rest_route=%2Fwp%2Fv2%2Fcategories&post=60539"},{"taxonomy":"post_tag","embeddable":true,"href":"https:\/\/masquenoticiastucuman.com.ar\/index.php?rest_route=%2Fwp%2Fv2%2Ftags&post=60539"}],"curies":[{"name":"wp","href":"https:\/\/api.w.org\/{rel}","templated":true}]}}