{"id":60541,"date":"2026-04-14T14:46:39","date_gmt":"2026-04-14T17:46:39","guid":{"rendered":"http:\/\/masquenoticiastucuman.com.ar\/?p=60541"},"modified":"2026-04-14T14:46:39","modified_gmt":"2026-04-14T17:46:39","slug":"adrien-brody-debuta-en-broadway-con-el-argentino-diego-kolankowsky-como-uno-de-sus-productores","status":"publish","type":"post","link":"https:\/\/masquenoticiastucuman.com.ar\/?p=60541","title":{"rendered":"Adrien Brody debuta en Broadway con el argentino Diego Kolankowsky como uno de sus productores"},"content":{"rendered":"<ul>\n<li>El actor de &#8220;El brutalista&#8221; llegar\u00e1 al circuito teatral m\u00e1s prestigioso de los Estados Unidos de la mano bajo la producci\u00f3n de un argentino.<\/li>\n<li>Adem\u00e1s, la obra tendr\u00e1 a Kim Kardashian como parte del staff.<\/li>\n<\/ul>\n<p>\u200bEl actor de &#8220;El brutalista&#8221; llegar\u00e1 al circuito teatral m\u00e1s prestigioso de los Estados Unidos de la mano bajo la producci\u00f3n de un argentino.Adem\u00e1s, la obra tendr\u00e1 a Kim Kardashian como parte del staff.\u00a0<a href=\"https:\/\/www.clarin.com\/espectaculos\/adrien-brody-debuta-broadway-argentino-diego-kolankowsky-productores_0_uHBjVFYf5x.html\" target=\"_blank\" class=\"feedzy-rss-link-icon\">Read More<\/a><\/p>","protected":false},"excerpt":{"rendered":"<p>El actor de &#8220;El brutalista&#8221; llegar\u00e1 al circuito teatral m\u00e1s prestigioso de los Estados Unidos&#8230;<\/p>\n","protected":false},"author":1,"featured_media":0,"comment_status":"open","ping_status":"open","sticky":false,"template":"","format":"standard","meta":{"footnotes":""},"categories":[5],"tags":[],"class_list":["post-60541","post","type-post","status-publish","format-standard","has-post-thumbnail","hentry","category-espectaculo"],"_links":{"self":[{"href":"https:\/\/masquenoticiastucuman.com.ar\/index.php?rest_route=\/wp\/v2\/posts\/60541","targetHints":{"allow":["GET"]}}],"collection":[{"href":"https:\/\/masquenoticiastucuman.com.ar\/index.php?rest_route=\/wp\/v2\/posts"}],"about":[{"href":"https:\/\/masquenoticiastucuman.com.ar\/index.php?rest_route=\/wp\/v2\/types\/post"}],"author":[{"embeddable":true,"href":"https:\/\/masquenoticiastucuman.com.ar\/index.php?rest_route=\/wp\/v2\/users\/1"}],"replies":[{"embeddable":true,"href":"https:\/\/masquenoticiastucuman.com.ar\/index.php?rest_route=%2Fwp%2Fv2%2Fcomments&post=60541"}],"version-history":[{"count":0,"href":"https:\/\/masquenoticiastucuman.com.ar\/index.php?rest_route=\/wp\/v2\/posts\/60541\/revisions"}],"wp:attachment":[{"href":"https:\/\/masquenoticiastucuman.com.ar\/index.php?rest_route=%2Fwp%2Fv2%2Fmedia&parent=60541"}],"wp:term":[{"taxonomy":"category","embeddable":true,"href":"https:\/\/masquenoticiastucuman.com.ar\/index.php?rest_route=%2Fwp%2Fv2%2Fcategories&post=60541"},{"taxonomy":"post_tag","embeddable":true,"href":"https:\/\/masquenoticiastucuman.com.ar\/index.php?rest_route=%2Fwp%2Fv2%2Ftags&post=60541"}],"curies":[{"name":"wp","href":"https:\/\/api.w.org\/{rel}","templated":true}]}}