{"id":60542,"date":"2026-04-14T14:46:04","date_gmt":"2026-04-14T17:46:04","guid":{"rendered":"http:\/\/masquenoticiastucuman.com.ar\/?p=60542"},"modified":"2026-04-14T14:46:04","modified_gmt":"2026-04-14T17:46:04","slug":"liverpool-vs-psg-por-la-champions-league-en-vivo-resultado-minuto-a-minuto-y-donde-ver","status":"publish","type":"post","link":"https:\/\/masquenoticiastucuman.com.ar\/?p=60542","title":{"rendered":"Liverpool vs PSG por la Champions League, EN VIVO: resultado, minuto a minuto y d\u00f3nde ver"},"content":{"rendered":"<ul>\n<li>Tras el 2-0 de la ida en Par\u00eds, los de Luis Enrique buscan mantener la distancia en Anfield.<\/li>\n<li>En el conjunto ingl\u00e9s parti\u00f3 como titular el argentino Alexis Mac Allister.<\/li>\n<li>El ganador de la serie enfrentar\u00e1 en semis a Bayern o Real Madrid.<\/li>\n<\/ul>\n<p>\u200bTras el 2-0 de la ida en Par\u00eds, los de Luis Enrique buscan mantener la distancia en Anfield.En el conjunto ingl\u00e9s parti\u00f3 como titular el argentino Alexis Mac Allister.El ganador de la serie enfrentar\u00e1 en semis a Bayern o Real Madrid.\u00a0<a href=\"https:\/\/www.clarin.com\/deportes\/liverpool-vs-psg-champions-league-vivo-minuto-minuto-directo_0_poUCFNDmBd.html\" target=\"_blank\" class=\"feedzy-rss-link-icon\">Read More<\/a><\/p>","protected":false},"excerpt":{"rendered":"<p>Tras el 2-0 de la ida en Par\u00eds, los de Luis Enrique buscan mantener la&#8230;<\/p>\n","protected":false},"author":1,"featured_media":0,"comment_status":"open","ping_status":"open","sticky":false,"template":"","format":"standard","meta":{"footnotes":""},"categories":[6],"tags":[],"class_list":["post-60542","post","type-post","status-publish","format-standard","has-post-thumbnail","hentry","category-deportes"],"_links":{"self":[{"href":"https:\/\/masquenoticiastucuman.com.ar\/index.php?rest_route=\/wp\/v2\/posts\/60542","targetHints":{"allow":["GET"]}}],"collection":[{"href":"https:\/\/masquenoticiastucuman.com.ar\/index.php?rest_route=\/wp\/v2\/posts"}],"about":[{"href":"https:\/\/masquenoticiastucuman.com.ar\/index.php?rest_route=\/wp\/v2\/types\/post"}],"author":[{"embeddable":true,"href":"https:\/\/masquenoticiastucuman.com.ar\/index.php?rest_route=\/wp\/v2\/users\/1"}],"replies":[{"embeddable":true,"href":"https:\/\/masquenoticiastucuman.com.ar\/index.php?rest_route=%2Fwp%2Fv2%2Fcomments&post=60542"}],"version-history":[{"count":0,"href":"https:\/\/masquenoticiastucuman.com.ar\/index.php?rest_route=\/wp\/v2\/posts\/60542\/revisions"}],"wp:attachment":[{"href":"https:\/\/masquenoticiastucuman.com.ar\/index.php?rest_route=%2Fwp%2Fv2%2Fmedia&parent=60542"}],"wp:term":[{"taxonomy":"category","embeddable":true,"href":"https:\/\/masquenoticiastucuman.com.ar\/index.php?rest_route=%2Fwp%2Fv2%2Fcategories&post=60542"},{"taxonomy":"post_tag","embeddable":true,"href":"https:\/\/masquenoticiastucuman.com.ar\/index.php?rest_route=%2Fwp%2Fv2%2Ftags&post=60542"}],"curies":[{"name":"wp","href":"https:\/\/api.w.org\/{rel}","templated":true}]}}