{"id":60544,"date":"2026-04-14T16:38:22","date_gmt":"2026-04-14T19:38:22","guid":{"rendered":"http:\/\/masquenoticiastucuman.com.ar\/?p=60544"},"modified":"2026-04-14T16:38:22","modified_gmt":"2026-04-14T19:38:22","slug":"pese-a-la-baja-del-dolar-la-inflacion-agoto-en-el-primer-trimestre-la-meta-que-sono-el-gobierno-para-todo-el-ano","status":"publish","type":"post","link":"https:\/\/masquenoticiastucuman.com.ar\/?p=60544","title":{"rendered":"Pese a la baja del d\u00f3lar, la inflaci\u00f3n agot\u00f3 en el primer trimestre la meta que so\u00f1\u00f3 el Gobierno para todo el a\u00f1o"},"content":{"rendered":"<ul>\n<li>Entre enero y marzo marc\u00f3 9,4%, por arriba del 8,6% del mismo per\u00edodo del a\u00f1o pasado.<\/li>\n<li>Cu\u00e1les son las razones que explican el repunte de los precios.<\/li>\n<\/ul>\n<p>\u200bEntre enero y marzo marc\u00f3 9,4%, por arriba del 8,6% del mismo per\u00edodo del a\u00f1o pasado.Cu\u00e1les son las razones que explican el repunte de los precios.\u00a0<a href=\"https:\/\/www.clarin.com\/economia\/pese-baja-dolar-inflacion-agoto-primer-trimestre-meta-sono-gobierno-ano_0_2SNMLujWhI.html\" target=\"_blank\" class=\"feedzy-rss-link-icon\">Read More<\/a><\/p>","protected":false},"excerpt":{"rendered":"<p>Entre enero y marzo marc\u00f3 9,4%, por arriba del 8,6% del mismo per\u00edodo del a\u00f1o&#8230;<\/p>\n","protected":false},"author":1,"featured_media":0,"comment_status":"open","ping_status":"open","sticky":false,"template":"","format":"standard","meta":{"footnotes":""},"categories":[3],"tags":[],"class_list":["post-60544","post","type-post","status-publish","format-standard","has-post-thumbnail","hentry","category-nacionales"],"_links":{"self":[{"href":"https:\/\/masquenoticiastucuman.com.ar\/index.php?rest_route=\/wp\/v2\/posts\/60544","targetHints":{"allow":["GET"]}}],"collection":[{"href":"https:\/\/masquenoticiastucuman.com.ar\/index.php?rest_route=\/wp\/v2\/posts"}],"about":[{"href":"https:\/\/masquenoticiastucuman.com.ar\/index.php?rest_route=\/wp\/v2\/types\/post"}],"author":[{"embeddable":true,"href":"https:\/\/masquenoticiastucuman.com.ar\/index.php?rest_route=\/wp\/v2\/users\/1"}],"replies":[{"embeddable":true,"href":"https:\/\/masquenoticiastucuman.com.ar\/index.php?rest_route=%2Fwp%2Fv2%2Fcomments&post=60544"}],"version-history":[{"count":0,"href":"https:\/\/masquenoticiastucuman.com.ar\/index.php?rest_route=\/wp\/v2\/posts\/60544\/revisions"}],"wp:attachment":[{"href":"https:\/\/masquenoticiastucuman.com.ar\/index.php?rest_route=%2Fwp%2Fv2%2Fmedia&parent=60544"}],"wp:term":[{"taxonomy":"category","embeddable":true,"href":"https:\/\/masquenoticiastucuman.com.ar\/index.php?rest_route=%2Fwp%2Fv2%2Fcategories&post=60544"},{"taxonomy":"post_tag","embeddable":true,"href":"https:\/\/masquenoticiastucuman.com.ar\/index.php?rest_route=%2Fwp%2Fv2%2Ftags&post=60544"}],"curies":[{"name":"wp","href":"https:\/\/api.w.org\/{rel}","templated":true}]}}