{"id":60548,"date":"2026-04-14T18:26:48","date_gmt":"2026-04-14T21:26:48","guid":{"rendered":"http:\/\/masquenoticiastucuman.com.ar\/?p=60548"},"modified":"2026-04-14T18:26:48","modified_gmt":"2026-04-14T21:26:48","slug":"la-foto-mas-estremecedora-del-partidazo-de-champions-entre-atletico-de-madrid-y-barcelona-los-tapones-de-juan-musso-sobre-fermin","status":"publish","type":"post","link":"https:\/\/masquenoticiastucuman.com.ar\/?p=60548","title":{"rendered":"La foto m\u00e1s estremecedora del partidazo de Champions entre Atl\u00e9tico de Madrid y Barcelona: los tapones de Juan Musso sobre Ferm\u00edn"},"content":{"rendered":"<ul>\n<li>El arquero argentino tap\u00f3 lo que pudo haber sido el 3-0 a favor del conjunt\u00f3 cul\u00e9.<\/li>\n<li>Sin embargo, en el envi\u00f3n choc\u00f3 con el delantero rival, que tuvo que recibir atenci\u00f3n.<\/li>\n<li>Era el peor momento del equipo del Cholo Simeone, que despu\u00e9s descont\u00f3 en una contra.<\/li>\n<\/ul>\n<p>\u200bEl arquero argentino tap\u00f3 lo que pudo haber sido el 3-0 a favor del conjunt\u00f3 cul\u00e9.Sin embargo, en el envi\u00f3n choc\u00f3 con el delantero rival, que tuvo que recibir atenci\u00f3n.Era el peor momento del equipo del Cholo Simeone, que despu\u00e9s descont\u00f3 en una contra.\u00a0<a href=\"https:\/\/www.clarin.com\/deportes\/foto-estremecedora-partidazo-champions-atletico-madrid-barcelona-tapones-juan-musso-fermin_0_jkYA3p3g2g.html\" target=\"_blank\" class=\"feedzy-rss-link-icon\">Read More<\/a><\/p>","protected":false},"excerpt":{"rendered":"<p>El arquero argentino tap\u00f3 lo que pudo haber sido el 3-0 a favor del conjunt\u00f3&#8230;<\/p>\n","protected":false},"author":1,"featured_media":0,"comment_status":"open","ping_status":"open","sticky":false,"template":"","format":"standard","meta":{"footnotes":""},"categories":[6],"tags":[],"class_list":["post-60548","post","type-post","status-publish","format-standard","has-post-thumbnail","hentry","category-deportes"],"_links":{"self":[{"href":"https:\/\/masquenoticiastucuman.com.ar\/index.php?rest_route=\/wp\/v2\/posts\/60548","targetHints":{"allow":["GET"]}}],"collection":[{"href":"https:\/\/masquenoticiastucuman.com.ar\/index.php?rest_route=\/wp\/v2\/posts"}],"about":[{"href":"https:\/\/masquenoticiastucuman.com.ar\/index.php?rest_route=\/wp\/v2\/types\/post"}],"author":[{"embeddable":true,"href":"https:\/\/masquenoticiastucuman.com.ar\/index.php?rest_route=\/wp\/v2\/users\/1"}],"replies":[{"embeddable":true,"href":"https:\/\/masquenoticiastucuman.com.ar\/index.php?rest_route=%2Fwp%2Fv2%2Fcomments&post=60548"}],"version-history":[{"count":0,"href":"https:\/\/masquenoticiastucuman.com.ar\/index.php?rest_route=\/wp\/v2\/posts\/60548\/revisions"}],"wp:attachment":[{"href":"https:\/\/masquenoticiastucuman.com.ar\/index.php?rest_route=%2Fwp%2Fv2%2Fmedia&parent=60548"}],"wp:term":[{"taxonomy":"category","embeddable":true,"href":"https:\/\/masquenoticiastucuman.com.ar\/index.php?rest_route=%2Fwp%2Fv2%2Fcategories&post=60548"},{"taxonomy":"post_tag","embeddable":true,"href":"https:\/\/masquenoticiastucuman.com.ar\/index.php?rest_route=%2Fwp%2Fv2%2Ftags&post=60548"}],"curies":[{"name":"wp","href":"https:\/\/api.w.org\/{rel}","templated":true}]}}