{"id":60552,"date":"2026-04-14T18:30:11","date_gmt":"2026-04-14T21:30:11","guid":{"rendered":"http:\/\/masquenoticiastucuman.com.ar\/?p=60552"},"modified":"2026-04-14T18:30:11","modified_gmt":"2026-04-14T21:30:11","slug":"telegram-en-la-mira-de-la-union-europea-por-ser-un-nido-de-pornografia","status":"publish","type":"post","link":"https:\/\/masquenoticiastucuman.com.ar\/?p=60552","title":{"rendered":"Telegram, en la mira de la Uni\u00f3n Europea por ser un &#8220;nido de pornograf\u00eda&#8221;"},"content":{"rendered":"<ul>\n<li>Una importante ONG pidi\u00f3 a la Comisi\u00f3n Europea que regule esa plataforma, desde donde se difunden contenidos ilegales, en particular im\u00e1genes de contenido sexual.<\/li>\n<li>Telegram no est\u00e1 alcanzada por la dura legislaci\u00f3n vigente en Europa sobre otros sitios y redes sociales.<\/li>\n<\/ul>\n<p>\u200bUna importante ONG pidi\u00f3 a la Comisi\u00f3n Europea que regule esa plataforma, desde donde se difunden contenidos ilegales, en particular im\u00e1genes de contenido sexual.Telegram no est\u00e1 alcanzada por la dura legislaci\u00f3n vigente en Europa sobre otros sitios y redes sociales.\u00a0<a href=\"https:\/\/www.clarin.com\/mundo\/telegram-mira-union-europea-nido-pornografia_0_p8AAuEKFe2.html\" target=\"_blank\" class=\"feedzy-rss-link-icon\">Read More<\/a><\/p>","protected":false},"excerpt":{"rendered":"<p>Una importante ONG pidi\u00f3 a la Comisi\u00f3n Europea que regule esa plataforma, desde donde se&#8230;<\/p>\n","protected":false},"author":1,"featured_media":60553,"comment_status":"open","ping_status":"open","sticky":false,"template":"","format":"standard","meta":{"footnotes":""},"categories":[4],"tags":[],"class_list":["post-60552","post","type-post","status-publish","format-standard","has-post-thumbnail","hentry","category-internacionales"],"_links":{"self":[{"href":"https:\/\/masquenoticiastucuman.com.ar\/index.php?rest_route=\/wp\/v2\/posts\/60552","targetHints":{"allow":["GET"]}}],"collection":[{"href":"https:\/\/masquenoticiastucuman.com.ar\/index.php?rest_route=\/wp\/v2\/posts"}],"about":[{"href":"https:\/\/masquenoticiastucuman.com.ar\/index.php?rest_route=\/wp\/v2\/types\/post"}],"author":[{"embeddable":true,"href":"https:\/\/masquenoticiastucuman.com.ar\/index.php?rest_route=\/wp\/v2\/users\/1"}],"replies":[{"embeddable":true,"href":"https:\/\/masquenoticiastucuman.com.ar\/index.php?rest_route=%2Fwp%2Fv2%2Fcomments&post=60552"}],"version-history":[{"count":0,"href":"https:\/\/masquenoticiastucuman.com.ar\/index.php?rest_route=\/wp\/v2\/posts\/60552\/revisions"}],"wp:featuredmedia":[{"embeddable":true,"href":"https:\/\/masquenoticiastucuman.com.ar\/index.php?rest_route=\/wp\/v2\/media\/60553"}],"wp:attachment":[{"href":"https:\/\/masquenoticiastucuman.com.ar\/index.php?rest_route=%2Fwp%2Fv2%2Fmedia&parent=60552"}],"wp:term":[{"taxonomy":"category","embeddable":true,"href":"https:\/\/masquenoticiastucuman.com.ar\/index.php?rest_route=%2Fwp%2Fv2%2Fcategories&post=60552"},{"taxonomy":"post_tag","embeddable":true,"href":"https:\/\/masquenoticiastucuman.com.ar\/index.php?rest_route=%2Fwp%2Fv2%2Ftags&post=60552"}],"curies":[{"name":"wp","href":"https:\/\/api.w.org\/{rel}","templated":true}]}}