{"id":60555,"date":"2026-04-14T18:48:51","date_gmt":"2026-04-14T21:48:51","guid":{"rendered":"http:\/\/masquenoticiastucuman.com.ar\/?p=60555"},"modified":"2026-04-14T18:48:51","modified_gmt":"2026-04-14T21:48:51","slug":"del-cerebro-de-simeone-a-las-manos-de-musso-el-atletico-de-madrid-volteo-al-barcelona-de-lamine-yamal-y-suena-grande-en-la-champions","status":"publish","type":"post","link":"https:\/\/masquenoticiastucuman.com.ar\/?p=60555","title":{"rendered":"Del cerebro de Simeone a las manos de Musso: el Atl\u00e9tico de Madrid volte\u00f3 al Barcelona de Lamine Yamal y sue\u00f1a grande en la Champions"},"content":{"rendered":"<ul>\n<li>El equipo del Cholo fue fiel a su estilo y baj\u00f3 a uno de los grandes de Europa.<\/li>\n<li>El arquero argentino que estar\u00e1 en el Mundial fue fundamental en los dos partidos.<\/li>\n<li>Los colchoneros est\u00e1n en el top 4 de Europa y el s\u00e1bado jugan le final de la Copa del Rey.<\/li>\n<\/ul>\n<p>\u200bEl equipo del Cholo fue fiel a su estilo y baj\u00f3 a uno de los grandes de Europa.El arquero argentino que estar\u00e1 en el Mundial fue fundamental en los dos partidos.Los colchoneros est\u00e1n en el top 4 de Europa y el s\u00e1bado jugan le final de la Copa del Rey.\u00a0<a href=\"https:\/\/www.clarin.com\/deportes\/cerebro-simeone-manos-musso-atletico-madrid-volteo-barcelona-lamine-yamal-suena-grande-champions_0_s9yV0rUHh3.html\" target=\"_blank\" class=\"feedzy-rss-link-icon\">Read More<\/a><\/p>","protected":false},"excerpt":{"rendered":"<p>El equipo del Cholo fue fiel a su estilo y baj\u00f3 a uno de los&#8230;<\/p>\n","protected":false},"author":1,"featured_media":0,"comment_status":"open","ping_status":"open","sticky":false,"template":"","format":"standard","meta":{"footnotes":""},"categories":[6],"tags":[],"class_list":["post-60555","post","type-post","status-publish","format-standard","has-post-thumbnail","hentry","category-deportes"],"_links":{"self":[{"href":"https:\/\/masquenoticiastucuman.com.ar\/index.php?rest_route=\/wp\/v2\/posts\/60555","targetHints":{"allow":["GET"]}}],"collection":[{"href":"https:\/\/masquenoticiastucuman.com.ar\/index.php?rest_route=\/wp\/v2\/posts"}],"about":[{"href":"https:\/\/masquenoticiastucuman.com.ar\/index.php?rest_route=\/wp\/v2\/types\/post"}],"author":[{"embeddable":true,"href":"https:\/\/masquenoticiastucuman.com.ar\/index.php?rest_route=\/wp\/v2\/users\/1"}],"replies":[{"embeddable":true,"href":"https:\/\/masquenoticiastucuman.com.ar\/index.php?rest_route=%2Fwp%2Fv2%2Fcomments&post=60555"}],"version-history":[{"count":0,"href":"https:\/\/masquenoticiastucuman.com.ar\/index.php?rest_route=\/wp\/v2\/posts\/60555\/revisions"}],"wp:attachment":[{"href":"https:\/\/masquenoticiastucuman.com.ar\/index.php?rest_route=%2Fwp%2Fv2%2Fmedia&parent=60555"}],"wp:term":[{"taxonomy":"category","embeddable":true,"href":"https:\/\/masquenoticiastucuman.com.ar\/index.php?rest_route=%2Fwp%2Fv2%2Fcategories&post=60555"},{"taxonomy":"post_tag","embeddable":true,"href":"https:\/\/masquenoticiastucuman.com.ar\/index.php?rest_route=%2Fwp%2Fv2%2Ftags&post=60555"}],"curies":[{"name":"wp","href":"https:\/\/api.w.org\/{rel}","templated":true}]}}