{"id":60556,"date":"2026-04-14T21:28:10","date_gmt":"2026-04-15T00:28:10","guid":{"rendered":"http:\/\/masquenoticiastucuman.com.ar\/?p=60556"},"modified":"2026-04-14T21:28:10","modified_gmt":"2026-04-15T00:28:10","slug":"la-desoladora-imagen-de-agustin-marchesin-se-lesiono-a-los-10-minutos-abandono-la-cancha-entre-lagrimas-y-se-perderia-el-superclasico","status":"publish","type":"post","link":"https:\/\/masquenoticiastucuman.com.ar\/?p=60556","title":{"rendered":"La desoladora imagen de Agust\u00edn Marches\u00edn: se lesion\u00f3 a los 10 minutos, abandon\u00f3 la cancha entre l\u00e1grimas y se perder\u00eda el Supercl\u00e1sico"},"content":{"rendered":"<ul>\n<li>El arquero de Boca sufri\u00f3 la molestia en la rodilla derecha, sin intervenci\u00f3n de otro futbolista.<\/li>\n<li>&#8220;Me romp\u00ed&#8221;, se le alcanz\u00f3 a leer en los labios mientras el capit\u00e1n Leandro Paredes lo abrazaba.<\/li>\n<\/ul>\n<p>\u200bEl arquero de Boca sufri\u00f3 la molestia en la rodilla derecha, sin intervenci\u00f3n de otro futbolista.&#8221;Me romp\u00ed&#8221;, se le alcanz\u00f3 a leer en los labios mientras el capit\u00e1n Leandro Paredes lo abrazaba.\u00a0<a href=\"https:\/\/www.clarin.com\/deportes\/desoladora-imagen-agustin-marchesin-lesiono-10-minutos-abandono-cancha-lagrimas-perderia-superclasico_0_h5Kp3gtyMc.html\" target=\"_blank\" class=\"feedzy-rss-link-icon\">Read More<\/a><\/p>","protected":false},"excerpt":{"rendered":"<p>El arquero de Boca sufri\u00f3 la molestia en la rodilla derecha, sin intervenci\u00f3n de otro&#8230;<\/p>\n","protected":false},"author":1,"featured_media":0,"comment_status":"open","ping_status":"open","sticky":false,"template":"","format":"standard","meta":{"footnotes":""},"categories":[6],"tags":[],"class_list":["post-60556","post","type-post","status-publish","format-standard","has-post-thumbnail","hentry","category-deportes"],"_links":{"self":[{"href":"https:\/\/masquenoticiastucuman.com.ar\/index.php?rest_route=\/wp\/v2\/posts\/60556","targetHints":{"allow":["GET"]}}],"collection":[{"href":"https:\/\/masquenoticiastucuman.com.ar\/index.php?rest_route=\/wp\/v2\/posts"}],"about":[{"href":"https:\/\/masquenoticiastucuman.com.ar\/index.php?rest_route=\/wp\/v2\/types\/post"}],"author":[{"embeddable":true,"href":"https:\/\/masquenoticiastucuman.com.ar\/index.php?rest_route=\/wp\/v2\/users\/1"}],"replies":[{"embeddable":true,"href":"https:\/\/masquenoticiastucuman.com.ar\/index.php?rest_route=%2Fwp%2Fv2%2Fcomments&post=60556"}],"version-history":[{"count":0,"href":"https:\/\/masquenoticiastucuman.com.ar\/index.php?rest_route=\/wp\/v2\/posts\/60556\/revisions"}],"wp:attachment":[{"href":"https:\/\/masquenoticiastucuman.com.ar\/index.php?rest_route=%2Fwp%2Fv2%2Fmedia&parent=60556"}],"wp:term":[{"taxonomy":"category","embeddable":true,"href":"https:\/\/masquenoticiastucuman.com.ar\/index.php?rest_route=%2Fwp%2Fv2%2Fcategories&post=60556"},{"taxonomy":"post_tag","embeddable":true,"href":"https:\/\/masquenoticiastucuman.com.ar\/index.php?rest_route=%2Fwp%2Fv2%2Ftags&post=60556"}],"curies":[{"name":"wp","href":"https:\/\/api.w.org\/{rel}","templated":true}]}}