{"id":60559,"date":"2026-04-15T02:27:20","date_gmt":"2026-04-15T05:27:20","guid":{"rendered":"http:\/\/masquenoticiastucuman.com.ar\/?p=60559"},"modified":"2026-04-15T02:27:20","modified_gmt":"2026-04-15T05:27:20","slug":"la-guerra-con-iran-esta-muy-cerca-de-terminar-aseguro-trump-en-una-entrevista-que-se-vera-este-miercoles","status":"publish","type":"post","link":"https:\/\/masquenoticiastucuman.com.ar\/?p=60559","title":{"rendered":"&#8220;La guerra con Ir\u00e1n est\u00e1 muy cerca de terminar&#8221;, asegur\u00f3 Trump en una entrevista que se ver\u00e1 este mi\u00e9rcoles"},"content":{"rendered":"<ul>\n<li>Lo afirm\u00f3 el mandatario estadounidense en una entrevista exclusiva para Cadena Fox que se emitir\u00e1 en todo el pa\u00eds antes del mediod\u00eda. <\/li>\n<li>Mientras Ir\u00e1n y EE.UU. preparan una nueva ronda de di\u00e1logo y se negocia una moratoria en el enriquecimiento de uranio.<\/li>\n<\/ul>\n<p>\u200bLo afirm\u00f3 el mandatario estadounidense en una entrevista exclusiva para Cadena Fox que se emitir\u00e1 en todo el pa\u00eds antes del mediod\u00eda. Mientras Ir\u00e1n y EE.UU. preparan una nueva ronda de di\u00e1logo y se negocia una moratoria en el enriquecimiento de uranio.\u00a0<a href=\"https:\/\/www.clarin.com\/mundo\/guerra-iran-cerca-terminar-aseguro-trump-entrevista-vera-miercoles_0_O5NNOENbJd.html\" target=\"_blank\" class=\"feedzy-rss-link-icon\">Read More<\/a><\/p>","protected":false},"excerpt":{"rendered":"<p>Lo afirm\u00f3 el mandatario estadounidense en una entrevista exclusiva para Cadena Fox que se emitir\u00e1&#8230;<\/p>\n","protected":false},"author":1,"featured_media":60560,"comment_status":"open","ping_status":"open","sticky":false,"template":"","format":"standard","meta":{"footnotes":""},"categories":[4],"tags":[],"class_list":["post-60559","post","type-post","status-publish","format-standard","has-post-thumbnail","hentry","category-internacionales"],"_links":{"self":[{"href":"https:\/\/masquenoticiastucuman.com.ar\/index.php?rest_route=\/wp\/v2\/posts\/60559","targetHints":{"allow":["GET"]}}],"collection":[{"href":"https:\/\/masquenoticiastucuman.com.ar\/index.php?rest_route=\/wp\/v2\/posts"}],"about":[{"href":"https:\/\/masquenoticiastucuman.com.ar\/index.php?rest_route=\/wp\/v2\/types\/post"}],"author":[{"embeddable":true,"href":"https:\/\/masquenoticiastucuman.com.ar\/index.php?rest_route=\/wp\/v2\/users\/1"}],"replies":[{"embeddable":true,"href":"https:\/\/masquenoticiastucuman.com.ar\/index.php?rest_route=%2Fwp%2Fv2%2Fcomments&post=60559"}],"version-history":[{"count":0,"href":"https:\/\/masquenoticiastucuman.com.ar\/index.php?rest_route=\/wp\/v2\/posts\/60559\/revisions"}],"wp:featuredmedia":[{"embeddable":true,"href":"https:\/\/masquenoticiastucuman.com.ar\/index.php?rest_route=\/wp\/v2\/media\/60560"}],"wp:attachment":[{"href":"https:\/\/masquenoticiastucuman.com.ar\/index.php?rest_route=%2Fwp%2Fv2%2Fmedia&parent=60559"}],"wp:term":[{"taxonomy":"category","embeddable":true,"href":"https:\/\/masquenoticiastucuman.com.ar\/index.php?rest_route=%2Fwp%2Fv2%2Fcategories&post=60559"},{"taxonomy":"post_tag","embeddable":true,"href":"https:\/\/masquenoticiastucuman.com.ar\/index.php?rest_route=%2Fwp%2Fv2%2Ftags&post=60559"}],"curies":[{"name":"wp","href":"https:\/\/api.w.org\/{rel}","templated":true}]}}