{"id":60562,"date":"2026-04-15T07:25:07","date_gmt":"2026-04-15T10:25:07","guid":{"rendered":"https:\/\/masquenoticiastucuman.com.ar\/?p=60562"},"modified":"2026-04-15T07:25:08","modified_gmt":"2026-04-15T10:25:08","slug":"jaldo-recibio-de-nacion-la-copia-de-la-adjudicacion-del-acueducto-de-vipos","status":"publish","type":"post","link":"https:\/\/masquenoticiastucuman.com.ar\/?p=60562","title":{"rendered":"Jaldo recibi\u00f3 de Naci\u00f3n la copia de la adjudicaci\u00f3n del Acueducto de Vipos"},"content":{"rendered":"\n<p>El Gobernador mantuvo un encuentro con el ministro de Econom\u00eda de la Naci\u00f3n para avanzar en la obra h\u00eddrica que contempla m\u00e1s de 50 kil\u00f3metros de extensi\u00f3n y permitir\u00e1 mejorar el servicio de agua potable en varias localidades, beneficiando a m\u00e1s de 245.000 habitantes.<\/p>\n\n\n\n<p id=\"isPasted\">El gobernador,&nbsp;<strong>Osvaldo Jaldo<\/strong>, mantuvo este martes una reuni\u00f3n de trabajo en Buenos Aires con el ministro de Econom\u00eda de la Naci\u00f3n,<strong>&nbsp;Luis Caputo<\/strong>, con el objetivo de formalizar el avance de una de las obras de infraestructura h\u00eddrica m\u00e1s esperadas de la provincia: la optimizaci\u00f3n del servicio de agua potable mediante el Acueducto de Vipos.<\/p>\n\n\n\n<p>En el encuentro estuvieron presentes el ministro de Econom\u00eda de la Provincia<strong>, Daniel Abad;&nbsp;<\/strong>el secretario Coordinador de Infraestructura del Ministerio de Econom\u00eda de la Naci\u00f3n<strong>, Carlos Frugoni;&nbsp;<\/strong>el subsecretario de Recursos H\u00eddricos de la Secretar\u00eda de Obras P\u00fablicas del Ministerio de Econom\u00eda de la Naci\u00f3n,&nbsp;<strong>Bartolom\u00e9 Heredia<\/strong>; el director Nacional de Ejecuci\u00f3n de Obras,&nbsp;<strong>Vicente Heredia;&nbsp;<\/strong>y el presidente de la Sociedad Aguas del Tucum\u00e1n (SAT),&nbsp;<strong>Marcelo Caponio.<\/strong><\/p>\n\n\n\n<blockquote class=\"wp-block-quote is-layout-flow wp-block-quote-is-layout-flow\">\n<p>\u00abJunto al ministro de Econom\u00eda de la Naci\u00f3n concretamos un encuentro de trabajo en el que agradecemos este avance tan significativo para la provincia, como es la entrega de la copia de adjudicaci\u00f3n de la obra \u2018Optimizaci\u00f3n del Servicio de Agua Potable \u2013 Acueducto de Vipos&#8217;\u00bb, escribi\u00f3 el Gobernador en sus redes sociales al t\u00e9rmino de la reuni\u00f3n y detall\u00f3 que brindar\u00e1 una soluci\u00f3n definitiva al abastecimiento de agua potable para vecinos y vecinas de Tapia, Taf\u00ed Viejo, Villa Carmela y San Miguel de Tucum\u00e1n.<\/p>\n<\/blockquote>\n\n\n\n<p>Sobre la obra, Jaldo detall\u00f3 que \u00abcontempla la ejecuci\u00f3n de un acueducto de m\u00e1s de 50 kil\u00f3metros de extensi\u00f3n, que permitir\u00e1 beneficiar a m\u00e1s de 245.000 tucumanos y tucumanas, mejorando sustancialmente la calidad del servicio\u00bb. Y a\u00f1adi\u00f3: \u00abSe trata de una infraestructura clave que fortalece el desarrollo de nuestra provincia y garantiza el acceso a un servicio esencial\u00bb.<\/p>\n\n\n\n<p>\u00abDesde el Gobierno de Tucum\u00e1n seguimos gestionando de manera permanente, articulando con Naci\u00f3n y distintos organismos, convencidos de que el trabajo conjunto es el camino para llevar soluciones concretas a nuestra gente. Cada obra que avanza es el resultado del compromiso con el crecimiento de la provincia y el bienestar de todos los tucumanos y tucumanas\u00bb, cerr\u00f3 Jaldo.<\/p>\n\n\n\n<p>Por su parte, el ministro Luis Caputo destac\u00f3 en la red social X la magnitud t\u00e9cnica del proyecto. \u00abImplica la ejecuci\u00f3n de un acueducto de m\u00e1s de 50,665 kil\u00f3metros de tuber\u00edas que permitir\u00e1 beneficiar a m\u00e1s de 245.000 habitantes y mejorar de manera sustancial la calidad del sistema, en l\u00ednea con el crecimiento urbano y la demanda futura de la regi\u00f3n\u00bb, escribi\u00f3.<\/p>\n\n\n\n<p>Y concluy\u00f3: \u00abSeguimos trabajando junto a las provincias para mejorar la vida de los argentinos\u00bb.<\/p>\n\n\n\n<figure class=\"wp-block-image size-large\"><img loading=\"lazy\" decoding=\"async\" width=\"1024\" height=\"682\" src=\"https:\/\/masquenoticiastucuman.com.ar\/wp-content\/uploads\/2026\/04\/260414162313_80717-1024x682.jpeg\" alt=\"\" class=\"wp-image-60563\" srcset=\"https:\/\/masquenoticiastucuman.com.ar\/wp-content\/uploads\/2026\/04\/260414162313_80717-1024x682.jpeg 1024w, https:\/\/masquenoticiastucuman.com.ar\/wp-content\/uploads\/2026\/04\/260414162313_80717-300x200.jpeg 300w, https:\/\/masquenoticiastucuman.com.ar\/wp-content\/uploads\/2026\/04\/260414162313_80717-768x511.jpeg 768w, https:\/\/masquenoticiastucuman.com.ar\/wp-content\/uploads\/2026\/04\/260414162313_80717.jpeg 1280w\" sizes=\"auto, (max-width: 1024px) 100vw, 1024px\" \/><\/figure>\n","protected":false},"excerpt":{"rendered":"<p>El Gobernador mantuvo un encuentro con el ministro de Econom\u00eda de la Naci\u00f3n para avanzar&#8230;<\/p>\n","protected":false},"author":2,"featured_media":60564,"comment_status":"open","ping_status":"open","sticky":false,"template":"","format":"standard","meta":{"footnotes":""},"categories":[2],"tags":[],"class_list":["post-60562","post","type-post","status-publish","format-standard","has-post-thumbnail","hentry","category-locales"],"_links":{"self":[{"href":"https:\/\/masquenoticiastucuman.com.ar\/index.php?rest_route=\/wp\/v2\/posts\/60562","targetHints":{"allow":["GET"]}}],"collection":[{"href":"https:\/\/masquenoticiastucuman.com.ar\/index.php?rest_route=\/wp\/v2\/posts"}],"about":[{"href":"https:\/\/masquenoticiastucuman.com.ar\/index.php?rest_route=\/wp\/v2\/types\/post"}],"author":[{"embeddable":true,"href":"https:\/\/masquenoticiastucuman.com.ar\/index.php?rest_route=\/wp\/v2\/users\/2"}],"replies":[{"embeddable":true,"href":"https:\/\/masquenoticiastucuman.com.ar\/index.php?rest_route=%2Fwp%2Fv2%2Fcomments&post=60562"}],"version-history":[{"count":1,"href":"https:\/\/masquenoticiastucuman.com.ar\/index.php?rest_route=\/wp\/v2\/posts\/60562\/revisions"}],"predecessor-version":[{"id":60565,"href":"https:\/\/masquenoticiastucuman.com.ar\/index.php?rest_route=\/wp\/v2\/posts\/60562\/revisions\/60565"}],"wp:featuredmedia":[{"embeddable":true,"href":"https:\/\/masquenoticiastucuman.com.ar\/index.php?rest_route=\/wp\/v2\/media\/60564"}],"wp:attachment":[{"href":"https:\/\/masquenoticiastucuman.com.ar\/index.php?rest_route=%2Fwp%2Fv2%2Fmedia&parent=60562"}],"wp:term":[{"taxonomy":"category","embeddable":true,"href":"https:\/\/masquenoticiastucuman.com.ar\/index.php?rest_route=%2Fwp%2Fv2%2Fcategories&post=60562"},{"taxonomy":"post_tag","embeddable":true,"href":"https:\/\/masquenoticiastucuman.com.ar\/index.php?rest_route=%2Fwp%2Fv2%2Ftags&post=60562"}],"curies":[{"name":"wp","href":"https:\/\/api.w.org\/{rel}","templated":true}]}}