{"id":60566,"date":"2026-04-15T06:00:24","date_gmt":"2026-04-15T09:00:24","guid":{"rendered":"http:\/\/masquenoticiastucuman.com.ar\/?p=60566"},"modified":"2026-04-15T06:00:24","modified_gmt":"2026-04-15T09:00:24","slug":"inflacion-que-se-espera-para-abril-y-cuanto-hubiese-dado-el-ipc-de-marzo-con-la-canasta-actualizada","status":"publish","type":"post","link":"https:\/\/masquenoticiastucuman.com.ar\/?p=60566","title":{"rendered":"Inflaci\u00f3n: qu\u00e9 se espera para abril y cu\u00e1nto hubiese dado el IPC de marzo con la canasta actualizada"},"content":{"rendered":"<ul>\n<li>Las consultoras esperan una desaceleraci\u00f3n pero no abrupta.<\/li>\n<li>Una parte de la suba de las naftas impactar\u00e1 en el IPC de este mes.<\/li>\n<li>Los combustibles ten\u00edan un peso m\u00e1s elevado en la canasta de precios que descart\u00f3 el Gobierno.<\/li>\n<\/ul>\n<p>\u200bLas consultoras esperan una desaceleraci\u00f3n pero no abrupta.Una parte de la suba de las naftas impactar\u00e1 en el IPC de este mes.Los combustibles ten\u00edan un peso m\u00e1s elevado en la canasta de precios que descart\u00f3 el Gobierno.\u00a0<a href=\"https:\/\/www.clarin.com\/economia\/inflacion-espera-abril-dado-ipc-marzo-canasta-actualizada_0_AMBHolHbau.html\" target=\"_blank\" class=\"feedzy-rss-link-icon\">Read More<\/a><\/p>","protected":false},"excerpt":{"rendered":"<p>Las consultoras esperan una desaceleraci\u00f3n pero no abrupta. Una parte de la suba de las&#8230;<\/p>\n","protected":false},"author":1,"featured_media":0,"comment_status":"open","ping_status":"open","sticky":false,"template":"","format":"standard","meta":{"footnotes":""},"categories":[3],"tags":[],"class_list":["post-60566","post","type-post","status-publish","format-standard","has-post-thumbnail","hentry","category-nacionales"],"_links":{"self":[{"href":"https:\/\/masquenoticiastucuman.com.ar\/index.php?rest_route=\/wp\/v2\/posts\/60566","targetHints":{"allow":["GET"]}}],"collection":[{"href":"https:\/\/masquenoticiastucuman.com.ar\/index.php?rest_route=\/wp\/v2\/posts"}],"about":[{"href":"https:\/\/masquenoticiastucuman.com.ar\/index.php?rest_route=\/wp\/v2\/types\/post"}],"author":[{"embeddable":true,"href":"https:\/\/masquenoticiastucuman.com.ar\/index.php?rest_route=\/wp\/v2\/users\/1"}],"replies":[{"embeddable":true,"href":"https:\/\/masquenoticiastucuman.com.ar\/index.php?rest_route=%2Fwp%2Fv2%2Fcomments&post=60566"}],"version-history":[{"count":0,"href":"https:\/\/masquenoticiastucuman.com.ar\/index.php?rest_route=\/wp\/v2\/posts\/60566\/revisions"}],"wp:attachment":[{"href":"https:\/\/masquenoticiastucuman.com.ar\/index.php?rest_route=%2Fwp%2Fv2%2Fmedia&parent=60566"}],"wp:term":[{"taxonomy":"category","embeddable":true,"href":"https:\/\/masquenoticiastucuman.com.ar\/index.php?rest_route=%2Fwp%2Fv2%2Fcategories&post=60566"},{"taxonomy":"post_tag","embeddable":true,"href":"https:\/\/masquenoticiastucuman.com.ar\/index.php?rest_route=%2Fwp%2Fv2%2Ftags&post=60566"}],"curies":[{"name":"wp","href":"https:\/\/api.w.org\/{rel}","templated":true}]}}