{"id":60572,"date":"2026-04-15T06:00:27","date_gmt":"2026-04-15T09:00:27","guid":{"rendered":"http:\/\/masquenoticiastucuman.com.ar\/?p=60572"},"modified":"2026-04-15T06:00:27","modified_gmt":"2026-04-15T09:00:27","slug":"bayern-munich-vs-real-madrid-kylian-mbappe-ante-sus-fantasmas-en-champions-league-el-torneo-maldito-que-se-le-nego-nueve-veces","status":"publish","type":"post","link":"https:\/\/masquenoticiastucuman.com.ar\/?p=60572","title":{"rendered":"Bayern Munich vs Real Madrid: Kylian Mbapp\u00e9 ante sus fantasmas en Champions League, el torneo maldito que se le neg\u00f3 nueve veces"},"content":{"rendered":"<ul>\n<li>Lleg\u00f3 al Merengue para ganarla y el a\u00f1o pasado festej\u00f3 su ex club, el PSG.<\/li>\n<li>Sus otro ocho intentos fueron uno con el M\u00f3naco y siete con los de Par\u00eds.<\/li>\n<li>Debe revertir el 1-2 en el Bernab\u00e9u, donde su descuento dio esperanza.<\/li>\n<\/ul>\n<p>\u200bLleg\u00f3 al Merengue para ganarla y el a\u00f1o pasado festej\u00f3 su ex club, el PSG.Sus otro ocho intentos fueron uno con el M\u00f3naco y siete con los de Par\u00eds.Debe revertir el 1-2 en el Bernab\u00e9u, donde su descuento dio esperanza.\u00a0<a href=\"https:\/\/www.clarin.com\/deportes\/bayern-munich-vs-real-madrid-kylian-mbappe-fantasmas-champions-league-torneo-maldito-nego-veces_0_irAXyHgbPO.html\" target=\"_blank\" class=\"feedzy-rss-link-icon\">Read More<\/a><\/p>","protected":false},"excerpt":{"rendered":"<p>Lleg\u00f3 al Merengue para ganarla y el a\u00f1o pasado festej\u00f3 su ex club, el PSG&#8230;.<\/p>\n","protected":false},"author":1,"featured_media":0,"comment_status":"open","ping_status":"open","sticky":false,"template":"","format":"standard","meta":{"footnotes":""},"categories":[6],"tags":[],"class_list":["post-60572","post","type-post","status-publish","format-standard","has-post-thumbnail","hentry","category-deportes"],"_links":{"self":[{"href":"https:\/\/masquenoticiastucuman.com.ar\/index.php?rest_route=\/wp\/v2\/posts\/60572","targetHints":{"allow":["GET"]}}],"collection":[{"href":"https:\/\/masquenoticiastucuman.com.ar\/index.php?rest_route=\/wp\/v2\/posts"}],"about":[{"href":"https:\/\/masquenoticiastucuman.com.ar\/index.php?rest_route=\/wp\/v2\/types\/post"}],"author":[{"embeddable":true,"href":"https:\/\/masquenoticiastucuman.com.ar\/index.php?rest_route=\/wp\/v2\/users\/1"}],"replies":[{"embeddable":true,"href":"https:\/\/masquenoticiastucuman.com.ar\/index.php?rest_route=%2Fwp%2Fv2%2Fcomments&post=60572"}],"version-history":[{"count":0,"href":"https:\/\/masquenoticiastucuman.com.ar\/index.php?rest_route=\/wp\/v2\/posts\/60572\/revisions"}],"wp:attachment":[{"href":"https:\/\/masquenoticiastucuman.com.ar\/index.php?rest_route=%2Fwp%2Fv2%2Fmedia&parent=60572"}],"wp:term":[{"taxonomy":"category","embeddable":true,"href":"https:\/\/masquenoticiastucuman.com.ar\/index.php?rest_route=%2Fwp%2Fv2%2Fcategories&post=60572"},{"taxonomy":"post_tag","embeddable":true,"href":"https:\/\/masquenoticiastucuman.com.ar\/index.php?rest_route=%2Fwp%2Fv2%2Ftags&post=60572"}],"curies":[{"name":"wp","href":"https:\/\/api.w.org\/{rel}","templated":true}]}}