{"id":60576,"date":"2026-04-15T09:14:52","date_gmt":"2026-04-15T12:14:52","guid":{"rendered":"http:\/\/masquenoticiastucuman.com.ar\/?p=60576"},"modified":"2026-04-15T09:14:52","modified_gmt":"2026-04-15T12:14:52","slug":"el-argentino-rafael-grossi-advirtio-que-sin-un-control-estricto-al-plan-nuclear-de-iran-cualquier-acuerdo-de-paz-sera-solo-una-ilusion","status":"publish","type":"post","link":"https:\/\/masquenoticiastucuman.com.ar\/?p=60576","title":{"rendered":"El argentino Rafael Grossi advirti\u00f3 que sin un control estricto al plan nuclear de Ir\u00e1n, cualquier acuerdo de paz ser\u00e1 s\u00f3lo &#8220;una ilusi\u00f3n&#8221;"},"content":{"rendered":"<ul>\n<li>Grossi es el director general del Organismo Internacional de Energ\u00eda At\u00f3mica de la ONU.<\/li>\n<li>Trump dijo que en los pr\u00f3ximos d\u00edas pod\u00eda celebrarse una segunda ronda de conversaciones con Ir\u00e1n.<\/li>\n<\/ul>\n<p>\u200bGrossi es el director general del Organismo Internacional de Energ\u00eda At\u00f3mica de la ONU.Trump dijo que en los pr\u00f3ximos d\u00edas pod\u00eda celebrarse una segunda ronda de conversaciones con Ir\u00e1n.\u00a0<a href=\"https:\/\/www.clarin.com\/mundo\/argentino-rafael-grossi-advirtio-control-estricto-plan-nuclear-iran-cualquier-acuerdo-paz-solo-ilusion_0_e3zQJoE26w.html\" target=\"_blank\" class=\"feedzy-rss-link-icon\">Read More<\/a><\/p>","protected":false},"excerpt":{"rendered":"<p>Grossi es el director general del Organismo Internacional de Energ\u00eda At\u00f3mica de la ONU. Trump&#8230;<\/p>\n","protected":false},"author":1,"featured_media":60577,"comment_status":"open","ping_status":"open","sticky":false,"template":"","format":"standard","meta":{"footnotes":""},"categories":[4],"tags":[],"class_list":["post-60576","post","type-post","status-publish","format-standard","has-post-thumbnail","hentry","category-internacionales"],"_links":{"self":[{"href":"https:\/\/masquenoticiastucuman.com.ar\/index.php?rest_route=\/wp\/v2\/posts\/60576","targetHints":{"allow":["GET"]}}],"collection":[{"href":"https:\/\/masquenoticiastucuman.com.ar\/index.php?rest_route=\/wp\/v2\/posts"}],"about":[{"href":"https:\/\/masquenoticiastucuman.com.ar\/index.php?rest_route=\/wp\/v2\/types\/post"}],"author":[{"embeddable":true,"href":"https:\/\/masquenoticiastucuman.com.ar\/index.php?rest_route=\/wp\/v2\/users\/1"}],"replies":[{"embeddable":true,"href":"https:\/\/masquenoticiastucuman.com.ar\/index.php?rest_route=%2Fwp%2Fv2%2Fcomments&post=60576"}],"version-history":[{"count":0,"href":"https:\/\/masquenoticiastucuman.com.ar\/index.php?rest_route=\/wp\/v2\/posts\/60576\/revisions"}],"wp:featuredmedia":[{"embeddable":true,"href":"https:\/\/masquenoticiastucuman.com.ar\/index.php?rest_route=\/wp\/v2\/media\/60577"}],"wp:attachment":[{"href":"https:\/\/masquenoticiastucuman.com.ar\/index.php?rest_route=%2Fwp%2Fv2%2Fmedia&parent=60576"}],"wp:term":[{"taxonomy":"category","embeddable":true,"href":"https:\/\/masquenoticiastucuman.com.ar\/index.php?rest_route=%2Fwp%2Fv2%2Fcategories&post=60576"},{"taxonomy":"post_tag","embeddable":true,"href":"https:\/\/masquenoticiastucuman.com.ar\/index.php?rest_route=%2Fwp%2Fv2%2Ftags&post=60576"}],"curies":[{"name":"wp","href":"https:\/\/api.w.org\/{rel}","templated":true}]}}