{"id":60578,"date":"2026-04-15T09:08:47","date_gmt":"2026-04-15T12:08:47","guid":{"rendered":"http:\/\/masquenoticiastucuman.com.ar\/?p=60578"},"modified":"2026-04-15T09:08:47","modified_gmt":"2026-04-15T12:08:47","slug":"guerra-civil-leon-xiv-inicia-su-historica-visita-a-camerun-en-medio-de-una-breve-tregua-para-garantizar-su-seguridad","status":"publish","type":"post","link":"https:\/\/masquenoticiastucuman.com.ar\/?p=60578","title":{"rendered":"Guerra civil: Le\u00f3n XIV inicia su hist\u00f3rica visita a Camer\u00fan, en medio de una breve tregua para garantizar su seguridad"},"content":{"rendered":"<ul>\n<li>Las fuerzas separatistas decidieron una tregua en los combates de tres d\u00edas para permitir un viaje seguro.<\/li>\n<li>El pont\u00edfice visitar\u00e1 Bamenda, el epicentro del conflicto en el pa\u00eds.<\/li>\n<\/ul>\n<p>\u200bLas fuerzas separatistas decidieron una tregua en los combates de tres d\u00edas para permitir un viaje seguro.El pont\u00edfice visitar\u00e1 Bamenda, el epicentro del conflicto en el pa\u00eds.\u00a0<a href=\"https:\/\/www.clarin.com\/mundo\/guerra-civil-leon-xiv-inicia-historica-visita-camerun-medio-breve-tregua-garantizar-seguridad_0_2hi10GZ0Hf.html\" target=\"_blank\" class=\"feedzy-rss-link-icon\">Read More<\/a><\/p>","protected":false},"excerpt":{"rendered":"<p>Las fuerzas separatistas decidieron una tregua en los combates de tres d\u00edas para permitir un&#8230;<\/p>\n","protected":false},"author":1,"featured_media":60579,"comment_status":"open","ping_status":"open","sticky":false,"template":"","format":"standard","meta":{"footnotes":""},"categories":[4],"tags":[],"class_list":["post-60578","post","type-post","status-publish","format-standard","has-post-thumbnail","hentry","category-internacionales"],"_links":{"self":[{"href":"https:\/\/masquenoticiastucuman.com.ar\/index.php?rest_route=\/wp\/v2\/posts\/60578","targetHints":{"allow":["GET"]}}],"collection":[{"href":"https:\/\/masquenoticiastucuman.com.ar\/index.php?rest_route=\/wp\/v2\/posts"}],"about":[{"href":"https:\/\/masquenoticiastucuman.com.ar\/index.php?rest_route=\/wp\/v2\/types\/post"}],"author":[{"embeddable":true,"href":"https:\/\/masquenoticiastucuman.com.ar\/index.php?rest_route=\/wp\/v2\/users\/1"}],"replies":[{"embeddable":true,"href":"https:\/\/masquenoticiastucuman.com.ar\/index.php?rest_route=%2Fwp%2Fv2%2Fcomments&post=60578"}],"version-history":[{"count":0,"href":"https:\/\/masquenoticiastucuman.com.ar\/index.php?rest_route=\/wp\/v2\/posts\/60578\/revisions"}],"wp:featuredmedia":[{"embeddable":true,"href":"https:\/\/masquenoticiastucuman.com.ar\/index.php?rest_route=\/wp\/v2\/media\/60579"}],"wp:attachment":[{"href":"https:\/\/masquenoticiastucuman.com.ar\/index.php?rest_route=%2Fwp%2Fv2%2Fmedia&parent=60578"}],"wp:term":[{"taxonomy":"category","embeddable":true,"href":"https:\/\/masquenoticiastucuman.com.ar\/index.php?rest_route=%2Fwp%2Fv2%2Fcategories&post=60578"},{"taxonomy":"post_tag","embeddable":true,"href":"https:\/\/masquenoticiastucuman.com.ar\/index.php?rest_route=%2Fwp%2Fv2%2Ftags&post=60578"}],"curies":[{"name":"wp","href":"https:\/\/api.w.org\/{rel}","templated":true}]}}