{"id":60581,"date":"2026-04-15T10:35:49","date_gmt":"2026-04-15T13:35:49","guid":{"rendered":"https:\/\/masquenoticiastucuman.com.ar\/?p=60581"},"modified":"2026-04-15T10:35:49","modified_gmt":"2026-04-15T13:35:49","slug":"defensa-civil-tras-tormentas-aisladas-tucuman-se-encuentra-fuera-de-alerta-meteorologica","status":"publish","type":"post","link":"https:\/\/masquenoticiastucuman.com.ar\/?p=60581","title":{"rendered":"Defensa Civil: tras tormentas aisladas, Tucum\u00e1n se encuentra fuera de alerta meteorol\u00f3gica"},"content":{"rendered":"\n<p>El organismo provincial report\u00f3 precipitaciones focalizadas en el pedemonte y detall\u00f3 el estado de rutas seg\u00fan el relevamiento de Vialidad<\/p>\n\n\n\n<p>El director de Defensa Civil de Tucum\u00e1n,&nbsp;<strong>Ram\u00f3n Imbert<\/strong>, inform\u00f3 el estado de situaci\u00f3n tras las tormentas registradas en distintos puntos de la provincia y precis\u00f3 que no se emitieron alertas meteorol\u00f3gicas.<\/p>\n\n\n\n<p>Imbert declar\u00f3: \u201cestos tres d\u00edas que tenemos, hoy, pasado y ma\u00f1ana, Tucum\u00e1n est\u00e1 fuera de alerta. El pron\u00f3stico nos da como inestable, obviamente, pero no estamos en alerta de todas formas. Las tormentas que tuvimos han sido aisladas en diferentes lugares, con un solo anuncio de a corto plazo que se dio que fue fuera de alerta amarilla\u201d.<\/p>\n\n\n\n<p>El funcionario indic\u00f3 que las precipitaciones se concentraron en sectores espec\u00edficos del pedemonte, con mayor impacto en Yerba Buena. \u201cLos milimetrajes que han ca\u00eddo han sido importantes solamente en Yerba Buena que ha incrementado el Canal Sur, pero no tuvo desborde\u201d.<\/p>\n\n\n\n<p>En ese sentido, explic\u00f3 que el monitoreo se realiz\u00f3 de manera coordinada con otras \u00e1reas. \u201cEsto se trabaj\u00f3 con la Polic\u00eda y con Defensa Civil municipal, no solamente en la comunicaci\u00f3n, sino en el seguimiento tambi\u00e9n de c\u00f3mo iba evolucionando. Como tuvimos solamente esa tormenta fuerte en ese sector, el canal soport\u00f3 y no desbord\u00f3\u201d.<\/p>\n\n\n\n<p>Asimismo, se\u00f1al\u00f3: \u201cel milimetraje que tenemos en Yerba Buena fue de sesenta mil\u00edmetros y en corto tiempo, en una hora y media\u201d.<\/p>\n\n\n\n<p>En relaci\u00f3n al resto del territorio, sostuvo: \u201cEn las otras departamentos de la provincia tambi\u00e9n hubo algunas tormentas aisladas que, pr\u00e1cticamente, no han tenido trascendencia, no han hecho impacto sobre lo que ser\u00eda el pedemonte o sobre las \u00e1reas que estaban anegadas d\u00edas atr\u00e1s\u201d.<\/p>\n\n\n\n<p>Imbert indic\u00f3 que se mantiene el monitoreo de las condiciones clim\u00e1ticas y del estado de la red vial, y recomend\u00f3 a la poblaci\u00f3n circular con precauci\u00f3n en los sectores afectados por lluvias, niebla y deterioro de calzada.<\/p>\n\n\n\n<p><strong>Estado de rutas<\/strong><\/p>\n\n\n\n<p>Mediante un comunicado, la Direcci\u00f3n Provincial de Vialidad, a cargo de&nbsp;<strong>Pablo D\u00edaz<\/strong>, inform\u00f3 que, seg\u00fan el relevamiento realizado entre las 7 y las 8:30 del 15 de abril, se registraron condiciones de circulaci\u00f3n con precauci\u00f3n en distintos sectores.<\/p>\n\n\n\n<p>En San Javier, las rutas resultaron transitables con precauci\u00f3n por niebla y calzada resbaladiza. En San Pablo, la Ruta Provincial N\u00b0 321 permaneci\u00f3 intransitable en la Quebrada de Lules y la Ruta Provincial N\u00b0 338 present\u00f3 un socav\u00f3n en la banquina a la altura del kil\u00f3metro 25.<\/p>\n\n\n\n<p>En Z\u00e1rate, la Ruta Provincial N\u00b0 352, Hualinchay, se encontr\u00f3 transitable con precauci\u00f3n por material de arrastre, mientras que la Ruta Provincial N\u00b0 311 registr\u00f3 derrumbes y socavones en el tramo Tacanas\u2013Gonzalo. Tambi\u00e9n se solicit\u00f3 precauci\u00f3n en pasos de los r\u00edos Gonzalo y Las Criollas y en la Ruta Provincial N\u00b0 312, La Higuera \u2013 Gonzalo transitable con precauci\u00f3n por socavones.<\/p>\n\n\n\n<p>En Burruyac\u00fa e Ischil\u00f3n, las rutas permanecieron transitables. En Taf\u00ed del Valle no se reportaron novedades. En Las Mesadas se registraron lluvias con caminos habilitados, y en Amaicha del Valle se recomend\u00f3 precauci\u00f3n en la Ruta Provincial N\u00b0 307, en el sector de Abra El Infiernillo, por niebla.<\/p>\n\n\n\n<p>En el sur provincial, Aguilares registr\u00f3 precipitaciones con rutas transitables. En La Cocha, la Ruta Provincial N\u00b0 334 permaneci\u00f3 intransitable en el sector del r\u00edo San Francisco por socavones. En Alberdi y Lamadrid, las rutas se mantuvieron habilitadas.<\/p>\n\n\n\n<p><strong>Registro de lluvias<\/strong><\/p>\n\n\n\n<p>El informe consign\u00f3 precipitaciones con valores destacados en Yerba Buena, donde Las Colinas registr\u00f3 57 mil\u00edmetros, Las Praderas 35 mil\u00edmetros y Cebil Redondo 27 mil\u00edmetros. Tambi\u00e9n se registraron 30 mil\u00edmetros en Tacanas, 17 mil\u00edmetros en Simoca y 16 mil\u00edmetros en INTA Monteros.<\/p>\n\n\n\n<p>En otras localidades se reportaron valores como 19,30 mil\u00edmetros en El Charco, 16 mil\u00edmetros en Ingas, 14,22 mil\u00edmetros en Finca La Sof\u00eda (Burruyac\u00fa) y 13,72 mil\u00edmetros en El Caj\u00f3n. En sectores del este y sur provincial, los registros resultaron menores, mientras que en varias localidades no se registraron precipitaciones.<\/p>\n","protected":false},"excerpt":{"rendered":"<p>El organismo provincial report\u00f3 precipitaciones focalizadas en el pedemonte y detall\u00f3 el estado de rutas&#8230;<\/p>\n","protected":false},"author":2,"featured_media":60582,"comment_status":"open","ping_status":"open","sticky":false,"template":"","format":"standard","meta":{"footnotes":""},"categories":[2],"tags":[],"class_list":["post-60581","post","type-post","status-publish","format-standard","has-post-thumbnail","hentry","category-locales"],"_links":{"self":[{"href":"https:\/\/masquenoticiastucuman.com.ar\/index.php?rest_route=\/wp\/v2\/posts\/60581","targetHints":{"allow":["GET"]}}],"collection":[{"href":"https:\/\/masquenoticiastucuman.com.ar\/index.php?rest_route=\/wp\/v2\/posts"}],"about":[{"href":"https:\/\/masquenoticiastucuman.com.ar\/index.php?rest_route=\/wp\/v2\/types\/post"}],"author":[{"embeddable":true,"href":"https:\/\/masquenoticiastucuman.com.ar\/index.php?rest_route=\/wp\/v2\/users\/2"}],"replies":[{"embeddable":true,"href":"https:\/\/masquenoticiastucuman.com.ar\/index.php?rest_route=%2Fwp%2Fv2%2Fcomments&post=60581"}],"version-history":[{"count":1,"href":"https:\/\/masquenoticiastucuman.com.ar\/index.php?rest_route=\/wp\/v2\/posts\/60581\/revisions"}],"predecessor-version":[{"id":60583,"href":"https:\/\/masquenoticiastucuman.com.ar\/index.php?rest_route=\/wp\/v2\/posts\/60581\/revisions\/60583"}],"wp:featuredmedia":[{"embeddable":true,"href":"https:\/\/masquenoticiastucuman.com.ar\/index.php?rest_route=\/wp\/v2\/media\/60582"}],"wp:attachment":[{"href":"https:\/\/masquenoticiastucuman.com.ar\/index.php?rest_route=%2Fwp%2Fv2%2Fmedia&parent=60581"}],"wp:term":[{"taxonomy":"category","embeddable":true,"href":"https:\/\/masquenoticiastucuman.com.ar\/index.php?rest_route=%2Fwp%2Fv2%2Fcategories&post=60581"},{"taxonomy":"post_tag","embeddable":true,"href":"https:\/\/masquenoticiastucuman.com.ar\/index.php?rest_route=%2Fwp%2Fv2%2Ftags&post=60581"}],"curies":[{"name":"wp","href":"https:\/\/api.w.org\/{rel}","templated":true}]}}