{"id":60584,"date":"2026-04-15T12:57:56","date_gmt":"2026-04-15T15:57:56","guid":{"rendered":"https:\/\/masquenoticiastucuman.com.ar\/?p=60584"},"modified":"2026-04-15T12:57:57","modified_gmt":"2026-04-15T15:57:57","slug":"comercio-interior-asiste-a-una-jubilada-tucumana-accidentada-en-mexico","status":"publish","type":"post","link":"https:\/\/masquenoticiastucuman.com.ar\/?p=60584","title":{"rendered":"Comercio Interior asiste a una jubilada tucumana accidentada en M\u00e9xico"},"content":{"rendered":"\n<p>El organismo intervino gestionar una soluci\u00f3n ante inconvenientes con el seguro de viajero, con el objetivo de posibilitar su atenci\u00f3n cl\u00ednica y su regreso a la provincia.<\/p>\n\n\n\n<p>La Direcci\u00f3n de Comercio Interior de Tucum\u00e1n inform\u00f3 que intervino ante la situaci\u00f3n de una ciudadana tucumana que sufri\u00f3 un accidente en M\u00e9xico mientras se encontraba de viaje. El organismo inici\u00f3 actuaciones para garantizar la atenci\u00f3n m\u00e9dica y el regreso a la provincia, y advirti\u00f3 sobre la necesidad de prever gastos adicionales al contratar paquetes tur\u00edsticos y seguros de asistencia al viajero contra rembolso.<\/p>\n\n\n\n<p>El director del \u00e1rea, Manuel Canto, indic\u00f3: \u201cRecibimos una denuncia de, en este caso, de una se\u00f1ora jubilada de setenta y cuatro a\u00f1os, de Alicia La Rosa, que est\u00e1 en estos momentos en Playa del Carmen, en M\u00e9xico, en donde ella compr\u00f3 un paquete tur\u00edstico para viajar, todo perfecto, hasta que en un d\u00eda determinado tuvo un accidente en la ba\u00f1era y tiene dos fracturas en el f\u00e9mur. El hotel la llev\u00f3 inmediatamente a un lugar privado, donde le dieron las primeras asistencias m\u00e9dicas, y contactarse en este en ese mismo instante con el seguro del viajero. En este caso, el seguro del viajero le dice de que todo es contra factura, que todo lo privado lo haga en contra factura. Y esta gente no tiene para afrontar, en este caso, los gastos\u201d.<\/p>\n\n\n\n<p>El funcionario detall\u00f3 el traslado de la paciente: \u201cPor lo cual, esa parte privada la deriva a un hospital p\u00fablico hoy, que en donde est\u00e1 la se\u00f1ora Alicia La Rosa, de setenta y cuatro, en un hospital p\u00fablico all\u00e1 en M\u00e9xico\u201d.<\/p>\n\n\n\n<p>En ese marco, Canto se\u00f1al\u00f3 la intervenci\u00f3n del organismo: \u201cLa direcci\u00f3n de comercio, con mucha preocupaci\u00f3n, hace un an\u00e1lisis, empieza a trabajar en esta denuncia, analizando muchas veces que cuando un usuario compra un paquete tur\u00edstico, adem\u00e1s, el seguro del viajero, y lo vemos en la pr\u00e1ctica, entonces, cuando uno compra un seguro con estas caracter\u00edsticas, tiene una expectativa de seguridad falsa, porque si alguien, adem\u00e1s del dinero que necesita para viajar, debe prever el doble de este mismo para contingencias, como por ejemplo, de la salud\u201d.<\/p>\n\n\n\n<p>Asimismo, agreg\u00f3: \u201cEn este caso, vemos vulnerado y en un estado de indefensi\u00f3n, en este caso, a esta tucumana, as\u00ed que la direcci\u00f3n de comercio ya est\u00e1 trabajando para que, a trav\u00e9s de lo inmediato, podamos escuchar, en este caso, a la empresa, y que, por supuesto, lo que pretendemos es que se le d\u00e9 una soluci\u00f3n y esta jubilada tucumana pueda volver y regresar operada al jard\u00edn de la rep\u00fablica\u201d.<\/p>\n\n\n\n<p>Desde el organismo provincial indicaron que continuaron las gestiones para obtener una respuesta de la empresa involucrada y garantizar la cobertura correspondiente.<\/p>\n\n\n\n<ul class=\"wp-block-list\">\n<li>INFO<\/li>\n<\/ul>\n\n\n\n<p>Para conocer m\u00e1s sobre derechos del consumidor y recomendaciones al viajar, consult\u00e1 los canales oficiales de la Direcci\u00f3n de Comercio Interior: LINK<\/p>\n","protected":false},"excerpt":{"rendered":"<p>El organismo intervino gestionar una soluci\u00f3n ante inconvenientes con el seguro de viajero, con el&#8230;<\/p>\n","protected":false},"author":2,"featured_media":60594,"comment_status":"open","ping_status":"open","sticky":false,"template":"","format":"standard","meta":{"footnotes":""},"categories":[2],"tags":[],"class_list":["post-60584","post","type-post","status-publish","format-standard","has-post-thumbnail","hentry","category-locales"],"_links":{"self":[{"href":"https:\/\/masquenoticiastucuman.com.ar\/index.php?rest_route=\/wp\/v2\/posts\/60584","targetHints":{"allow":["GET"]}}],"collection":[{"href":"https:\/\/masquenoticiastucuman.com.ar\/index.php?rest_route=\/wp\/v2\/posts"}],"about":[{"href":"https:\/\/masquenoticiastucuman.com.ar\/index.php?rest_route=\/wp\/v2\/types\/post"}],"author":[{"embeddable":true,"href":"https:\/\/masquenoticiastucuman.com.ar\/index.php?rest_route=\/wp\/v2\/users\/2"}],"replies":[{"embeddable":true,"href":"https:\/\/masquenoticiastucuman.com.ar\/index.php?rest_route=%2Fwp%2Fv2%2Fcomments&post=60584"}],"version-history":[{"count":1,"href":"https:\/\/masquenoticiastucuman.com.ar\/index.php?rest_route=\/wp\/v2\/posts\/60584\/revisions"}],"predecessor-version":[{"id":60595,"href":"https:\/\/masquenoticiastucuman.com.ar\/index.php?rest_route=\/wp\/v2\/posts\/60584\/revisions\/60595"}],"wp:featuredmedia":[{"embeddable":true,"href":"https:\/\/masquenoticiastucuman.com.ar\/index.php?rest_route=\/wp\/v2\/media\/60594"}],"wp:attachment":[{"href":"https:\/\/masquenoticiastucuman.com.ar\/index.php?rest_route=%2Fwp%2Fv2%2Fmedia&parent=60584"}],"wp:term":[{"taxonomy":"category","embeddable":true,"href":"https:\/\/masquenoticiastucuman.com.ar\/index.php?rest_route=%2Fwp%2Fv2%2Fcategories&post=60584"},{"taxonomy":"post_tag","embeddable":true,"href":"https:\/\/masquenoticiastucuman.com.ar\/index.php?rest_route=%2Fwp%2Fv2%2Ftags&post=60584"}],"curies":[{"name":"wp","href":"https:\/\/api.w.org\/{rel}","templated":true}]}}