{"id":60585,"date":"2026-04-15T10:39:54","date_gmt":"2026-04-15T13:39:54","guid":{"rendered":"http:\/\/masquenoticiastucuman.com.ar\/?p=60585"},"modified":"2026-04-15T10:39:54","modified_gmt":"2026-04-15T13:39:54","slug":"el-2026-arranco-con-mas-cierres-de-empresas-fueron-70-por-dia-en-enero","status":"publish","type":"post","link":"https:\/\/masquenoticiastucuman.com.ar\/?p=60585","title":{"rendered":"El 2026 arranc\u00f3 con m\u00e1s cierres de empresas: fueron 70 por d\u00eda en enero"},"content":{"rendered":"<ul>\n<li>Cierran las firmas m\u00e1s nuevas y hay una baja en la natalidad de empresas.<\/li>\n<\/ul>\n<p>\u200bCierran las firmas m\u00e1s nuevas y hay una baja en la natalidad de empresas.\u00a0<a href=\"https:\/\/www.clarin.com\/economia\/2026-arranco-cierres-empresas-70-dia-enero_0_YZJJrAWcFf.html\" target=\"_blank\" class=\"feedzy-rss-link-icon\">Read More<\/a><\/p>","protected":false},"excerpt":{"rendered":"<p>Cierran las firmas m\u00e1s nuevas y hay una baja en la natalidad de empresas. \u200bCierran&#8230;<\/p>\n","protected":false},"author":1,"featured_media":0,"comment_status":"open","ping_status":"open","sticky":false,"template":"","format":"standard","meta":{"footnotes":""},"categories":[3],"tags":[],"class_list":["post-60585","post","type-post","status-publish","format-standard","has-post-thumbnail","hentry","category-nacionales"],"_links":{"self":[{"href":"https:\/\/masquenoticiastucuman.com.ar\/index.php?rest_route=\/wp\/v2\/posts\/60585","targetHints":{"allow":["GET"]}}],"collection":[{"href":"https:\/\/masquenoticiastucuman.com.ar\/index.php?rest_route=\/wp\/v2\/posts"}],"about":[{"href":"https:\/\/masquenoticiastucuman.com.ar\/index.php?rest_route=\/wp\/v2\/types\/post"}],"author":[{"embeddable":true,"href":"https:\/\/masquenoticiastucuman.com.ar\/index.php?rest_route=\/wp\/v2\/users\/1"}],"replies":[{"embeddable":true,"href":"https:\/\/masquenoticiastucuman.com.ar\/index.php?rest_route=%2Fwp%2Fv2%2Fcomments&post=60585"}],"version-history":[{"count":0,"href":"https:\/\/masquenoticiastucuman.com.ar\/index.php?rest_route=\/wp\/v2\/posts\/60585\/revisions"}],"wp:attachment":[{"href":"https:\/\/masquenoticiastucuman.com.ar\/index.php?rest_route=%2Fwp%2Fv2%2Fmedia&parent=60585"}],"wp:term":[{"taxonomy":"category","embeddable":true,"href":"https:\/\/masquenoticiastucuman.com.ar\/index.php?rest_route=%2Fwp%2Fv2%2Fcategories&post=60585"},{"taxonomy":"post_tag","embeddable":true,"href":"https:\/\/masquenoticiastucuman.com.ar\/index.php?rest_route=%2Fwp%2Fv2%2Ftags&post=60585"}],"curies":[{"name":"wp","href":"https:\/\/api.w.org\/{rel}","templated":true}]}}