{"id":60586,"date":"2026-04-15T10:34:51","date_gmt":"2026-04-15T13:34:51","guid":{"rendered":"http:\/\/masquenoticiastucuman.com.ar\/?p=60586"},"modified":"2026-04-15T10:34:51","modified_gmt":"2026-04-15T13:34:51","slug":"conflicto-transportista-fracaso-otra-reunion-para-alcanzar-un-acuerdo-en-buenos-aires-y-crece-el-impacto-en-la-exportacion-de-granos","status":"publish","type":"post","link":"https:\/\/masquenoticiastucuman.com.ar\/?p=60586","title":{"rendered":"Conflicto transportista: fracas\u00f3 otra reuni\u00f3n para alcanzar un acuerdo en Buenos Aires y crece el impacto en la exportaci\u00f3n de granos"},"content":{"rendered":"<ul>\n<li>Los dadores de carga y las c\u00e1maras de transporte de granos mantuvieron sus exigencias, por lo que el encuentro no prosper\u00f3.<\/li>\n<li>Las protestas siguen a la vera de las rutas, con epicentro en territorio bonaerense, afectando la exportaci\u00f3n de granos<\/li>\n<li>En algunos puntos aceptaron la propuesta y levantaron el paro.<\/li>\n<\/ul>\n<p>\u200bLos dadores de carga y las c\u00e1maras de transporte de granos mantuvieron sus exigencias, por lo que el encuentro no prosper\u00f3.Las protestas siguen a la vera de las rutas, con epicentro en territorio bonaerense, afectando la exportaci\u00f3n de granosEn algunos puntos aceptaron la propuesta y levantaron el paro.\u00a0<a href=\"https:\/\/www.clarin.com\/rural\/conflicto-transportista-fracaso-reunion-alcanzar-acuerdo-buenos-aires-crece-impacto-exportacion-granos_0_TVTfHm2LpC.html\" target=\"_blank\" class=\"feedzy-rss-link-icon\">Read More<\/a><\/p>","protected":false},"excerpt":{"rendered":"<p>Los dadores de carga y las c\u00e1maras de transporte de granos mantuvieron sus exigencias, por&#8230;<\/p>\n","protected":false},"author":1,"featured_media":0,"comment_status":"open","ping_status":"open","sticky":false,"template":"","format":"standard","meta":{"footnotes":""},"categories":[3],"tags":[],"class_list":["post-60586","post","type-post","status-publish","format-standard","has-post-thumbnail","hentry","category-nacionales"],"_links":{"self":[{"href":"https:\/\/masquenoticiastucuman.com.ar\/index.php?rest_route=\/wp\/v2\/posts\/60586","targetHints":{"allow":["GET"]}}],"collection":[{"href":"https:\/\/masquenoticiastucuman.com.ar\/index.php?rest_route=\/wp\/v2\/posts"}],"about":[{"href":"https:\/\/masquenoticiastucuman.com.ar\/index.php?rest_route=\/wp\/v2\/types\/post"}],"author":[{"embeddable":true,"href":"https:\/\/masquenoticiastucuman.com.ar\/index.php?rest_route=\/wp\/v2\/users\/1"}],"replies":[{"embeddable":true,"href":"https:\/\/masquenoticiastucuman.com.ar\/index.php?rest_route=%2Fwp%2Fv2%2Fcomments&post=60586"}],"version-history":[{"count":0,"href":"https:\/\/masquenoticiastucuman.com.ar\/index.php?rest_route=\/wp\/v2\/posts\/60586\/revisions"}],"wp:attachment":[{"href":"https:\/\/masquenoticiastucuman.com.ar\/index.php?rest_route=%2Fwp%2Fv2%2Fmedia&parent=60586"}],"wp:term":[{"taxonomy":"category","embeddable":true,"href":"https:\/\/masquenoticiastucuman.com.ar\/index.php?rest_route=%2Fwp%2Fv2%2Fcategories&post=60586"},{"taxonomy":"post_tag","embeddable":true,"href":"https:\/\/masquenoticiastucuman.com.ar\/index.php?rest_route=%2Fwp%2Fv2%2Ftags&post=60586"}],"curies":[{"name":"wp","href":"https:\/\/api.w.org\/{rel}","templated":true}]}}