{"id":60587,"date":"2026-04-15T11:36:00","date_gmt":"2026-04-15T14:36:00","guid":{"rendered":"http:\/\/masquenoticiastucuman.com.ar\/?p=60587"},"modified":"2026-04-15T11:36:00","modified_gmt":"2026-04-15T14:36:00","slug":"donald-trump-arremete-otra-vez-contra-el-titular-de-la-reserva-federal-y-amenaza-con-despedirlo-si-no-se-va-a-tiempo","status":"publish","type":"post","link":"https:\/\/masquenoticiastucuman.com.ar\/?p=60587","title":{"rendered":"Donald Trump arremete otra vez contra el titular de la Reserva Federal y amenaza con despedirlo &#8220;si no se va a tiempo&#8221;"},"content":{"rendered":"<ul>\n<li>El presidente de Estados Unidos asegur\u00f3 que Jerome Powell tiene que dejar el cargo cuando termina su mandato, en mayo.<\/li>\n<li>Habl\u00f3 de &#8220;incompetencia&#8221; y &#8220;corrupci\u00f3n&#8221; por las millonarias reformas en la sede del banco central.<\/li>\n<\/ul>\n<p>\u200bEl presidente de Estados Unidos asegur\u00f3 que Jerome Powell tiene que dejar el cargo cuando termina su mandato, en mayo.Habl\u00f3 de &#8220;incompetencia&#8221; y &#8220;corrupci\u00f3n&#8221; por las millonarias reformas en la sede del banco central.\u00a0<a href=\"https:\/\/www.clarin.com\/mundo\/donald-trump-arremete-vez-titular-reserva-federal-amenaza-despedirlo-va-tiempo_0_Kyypussgnj.html\" target=\"_blank\" class=\"feedzy-rss-link-icon\">Read More<\/a><\/p>","protected":false},"excerpt":{"rendered":"<p>El presidente de Estados Unidos asegur\u00f3 que Jerome Powell tiene que dejar el cargo cuando&#8230;<\/p>\n","protected":false},"author":1,"featured_media":60588,"comment_status":"open","ping_status":"open","sticky":false,"template":"","format":"standard","meta":{"footnotes":""},"categories":[4],"tags":[],"class_list":["post-60587","post","type-post","status-publish","format-standard","has-post-thumbnail","hentry","category-internacionales"],"_links":{"self":[{"href":"https:\/\/masquenoticiastucuman.com.ar\/index.php?rest_route=\/wp\/v2\/posts\/60587","targetHints":{"allow":["GET"]}}],"collection":[{"href":"https:\/\/masquenoticiastucuman.com.ar\/index.php?rest_route=\/wp\/v2\/posts"}],"about":[{"href":"https:\/\/masquenoticiastucuman.com.ar\/index.php?rest_route=\/wp\/v2\/types\/post"}],"author":[{"embeddable":true,"href":"https:\/\/masquenoticiastucuman.com.ar\/index.php?rest_route=\/wp\/v2\/users\/1"}],"replies":[{"embeddable":true,"href":"https:\/\/masquenoticiastucuman.com.ar\/index.php?rest_route=%2Fwp%2Fv2%2Fcomments&post=60587"}],"version-history":[{"count":0,"href":"https:\/\/masquenoticiastucuman.com.ar\/index.php?rest_route=\/wp\/v2\/posts\/60587\/revisions"}],"wp:featuredmedia":[{"embeddable":true,"href":"https:\/\/masquenoticiastucuman.com.ar\/index.php?rest_route=\/wp\/v2\/media\/60588"}],"wp:attachment":[{"href":"https:\/\/masquenoticiastucuman.com.ar\/index.php?rest_route=%2Fwp%2Fv2%2Fmedia&parent=60587"}],"wp:term":[{"taxonomy":"category","embeddable":true,"href":"https:\/\/masquenoticiastucuman.com.ar\/index.php?rest_route=%2Fwp%2Fv2%2Fcategories&post=60587"},{"taxonomy":"post_tag","embeddable":true,"href":"https:\/\/masquenoticiastucuman.com.ar\/index.php?rest_route=%2Fwp%2Fv2%2Ftags&post=60587"}],"curies":[{"name":"wp","href":"https:\/\/api.w.org\/{rel}","templated":true}]}}