{"id":60589,"date":"2026-04-15T10:58:11","date_gmt":"2026-04-15T13:58:11","guid":{"rendered":"http:\/\/masquenoticiastucuman.com.ar\/?p=60589"},"modified":"2026-04-15T10:58:11","modified_gmt":"2026-04-15T13:58:11","slug":"trump-publica-otra-imagen-de-jesus-en-medio-de-la-pelea-con-el-papa-a-la-izquierda-radical-no-le-va-a-gustar","status":"publish","type":"post","link":"https:\/\/masquenoticiastucuman.com.ar\/?p=60589","title":{"rendered":"Trump publica otra imagen de Jes\u00fas en medio de la pelea con el Papa: &#8220;A la izquierda radical no le va a gustar&#8221;"},"content":{"rendered":"<ul>\n<li>La imagen muestra a Jes\u00fas abraz\u00e1ndolo. &#8220;Me parece bastante bonita&#8221;, escribi\u00f3.<\/li>\n<li>La difusi\u00f3n de estas im\u00e1genes ocurre en medio de una creciente tensi\u00f3n entre Trump y Le\u00f3n XIV.<\/li>\n<\/ul>\n<p>\u200bLa imagen muestra a Jes\u00fas abraz\u00e1ndolo. &#8220;Me parece bastante bonita&#8221;, escribi\u00f3.La difusi\u00f3n de estas im\u00e1genes ocurre en medio de una creciente tensi\u00f3n entre Trump y Le\u00f3n XIV.\u00a0<a href=\"https:\/\/www.clarin.com\/mundo\/trump-vuelve-publicar-imagen-jesus-redes-izquierda-radical-va-gustar_0_3aTsmnrDYQ.html\" target=\"_blank\" class=\"feedzy-rss-link-icon\">Read More<\/a><\/p>","protected":false},"excerpt":{"rendered":"<p>La imagen muestra a Jes\u00fas abraz\u00e1ndolo. &#8220;Me parece bastante bonita&#8221;, escribi\u00f3. La difusi\u00f3n de estas&#8230;<\/p>\n","protected":false},"author":1,"featured_media":60590,"comment_status":"open","ping_status":"open","sticky":false,"template":"","format":"standard","meta":{"footnotes":""},"categories":[4],"tags":[],"class_list":["post-60589","post","type-post","status-publish","format-standard","has-post-thumbnail","hentry","category-internacionales"],"_links":{"self":[{"href":"https:\/\/masquenoticiastucuman.com.ar\/index.php?rest_route=\/wp\/v2\/posts\/60589","targetHints":{"allow":["GET"]}}],"collection":[{"href":"https:\/\/masquenoticiastucuman.com.ar\/index.php?rest_route=\/wp\/v2\/posts"}],"about":[{"href":"https:\/\/masquenoticiastucuman.com.ar\/index.php?rest_route=\/wp\/v2\/types\/post"}],"author":[{"embeddable":true,"href":"https:\/\/masquenoticiastucuman.com.ar\/index.php?rest_route=\/wp\/v2\/users\/1"}],"replies":[{"embeddable":true,"href":"https:\/\/masquenoticiastucuman.com.ar\/index.php?rest_route=%2Fwp%2Fv2%2Fcomments&post=60589"}],"version-history":[{"count":0,"href":"https:\/\/masquenoticiastucuman.com.ar\/index.php?rest_route=\/wp\/v2\/posts\/60589\/revisions"}],"wp:featuredmedia":[{"embeddable":true,"href":"https:\/\/masquenoticiastucuman.com.ar\/index.php?rest_route=\/wp\/v2\/media\/60590"}],"wp:attachment":[{"href":"https:\/\/masquenoticiastucuman.com.ar\/index.php?rest_route=%2Fwp%2Fv2%2Fmedia&parent=60589"}],"wp:term":[{"taxonomy":"category","embeddable":true,"href":"https:\/\/masquenoticiastucuman.com.ar\/index.php?rest_route=%2Fwp%2Fv2%2Fcategories&post=60589"},{"taxonomy":"post_tag","embeddable":true,"href":"https:\/\/masquenoticiastucuman.com.ar\/index.php?rest_route=%2Fwp%2Fv2%2Ftags&post=60589"}],"curies":[{"name":"wp","href":"https:\/\/api.w.org\/{rel}","templated":true}]}}