{"id":60591,"date":"2026-04-15T11:13:18","date_gmt":"2026-04-15T14:13:18","guid":{"rendered":"http:\/\/masquenoticiastucuman.com.ar\/?p=60591"},"modified":"2026-04-15T11:13:18","modified_gmt":"2026-04-15T14:13:18","slug":"rating-del-martes-el-partido-de-boca-por-el-cable-modifico-los-numeros-de-la-tv-nocturna-y-gran-hermano-se-vino-abajo","status":"publish","type":"post","link":"https:\/\/masquenoticiastucuman.com.ar\/?p=60591","title":{"rendered":"Rating del martes: el partido de Boca, por el cable, modific\u00f3 los n\u00fameros de la TV nocturna y Gran Hermano se vino abajo"},"content":{"rendered":"<ul>\n<li>Lo m\u00e1s visto del d\u00eda fue apenas 11,3 puntos.<\/li>\n<li>Los m\u00e1s afectados por el f\u00fatbol de la copa Libertadores y la revancha de las ficciones importadas.<\/li>\n<li>Qui\u00e9nes ganaron en cada canal.<\/li>\n<\/ul>\n<p>\u200bLo m\u00e1s visto del d\u00eda fue apenas 11,3 puntos.Los m\u00e1s afectados por el f\u00fatbol de la copa Libertadores y la revancha de las ficciones importadas.Qui\u00e9nes ganaron en cada canal.\u00a0<a href=\"https:\/\/www.clarin.com\/espectaculos\/rating-martes-partido-boca-cable-modifico-numeros-tv-nocturna-gran-hermano-vino-abajo_0_TBmGwqVGHX.html\" target=\"_blank\" class=\"feedzy-rss-link-icon\">Read More<\/a><\/p>","protected":false},"excerpt":{"rendered":"<p>Lo m\u00e1s visto del d\u00eda fue apenas 11,3 puntos. Los m\u00e1s afectados por el f\u00fatbol&#8230;<\/p>\n","protected":false},"author":1,"featured_media":0,"comment_status":"open","ping_status":"open","sticky":false,"template":"","format":"standard","meta":{"footnotes":""},"categories":[5],"tags":[],"class_list":["post-60591","post","type-post","status-publish","format-standard","has-post-thumbnail","hentry","category-espectaculo"],"_links":{"self":[{"href":"https:\/\/masquenoticiastucuman.com.ar\/index.php?rest_route=\/wp\/v2\/posts\/60591","targetHints":{"allow":["GET"]}}],"collection":[{"href":"https:\/\/masquenoticiastucuman.com.ar\/index.php?rest_route=\/wp\/v2\/posts"}],"about":[{"href":"https:\/\/masquenoticiastucuman.com.ar\/index.php?rest_route=\/wp\/v2\/types\/post"}],"author":[{"embeddable":true,"href":"https:\/\/masquenoticiastucuman.com.ar\/index.php?rest_route=\/wp\/v2\/users\/1"}],"replies":[{"embeddable":true,"href":"https:\/\/masquenoticiastucuman.com.ar\/index.php?rest_route=%2Fwp%2Fv2%2Fcomments&post=60591"}],"version-history":[{"count":0,"href":"https:\/\/masquenoticiastucuman.com.ar\/index.php?rest_route=\/wp\/v2\/posts\/60591\/revisions"}],"wp:attachment":[{"href":"https:\/\/masquenoticiastucuman.com.ar\/index.php?rest_route=%2Fwp%2Fv2%2Fmedia&parent=60591"}],"wp:term":[{"taxonomy":"category","embeddable":true,"href":"https:\/\/masquenoticiastucuman.com.ar\/index.php?rest_route=%2Fwp%2Fv2%2Fcategories&post=60591"},{"taxonomy":"post_tag","embeddable":true,"href":"https:\/\/masquenoticiastucuman.com.ar\/index.php?rest_route=%2Fwp%2Fv2%2Ftags&post=60591"}],"curies":[{"name":"wp","href":"https:\/\/api.w.org\/{rel}","templated":true}]}}