{"id":60592,"date":"2026-04-15T11:33:41","date_gmt":"2026-04-15T14:33:41","guid":{"rendered":"http:\/\/masquenoticiastucuman.com.ar\/?p=60592"},"modified":"2026-04-15T11:33:41","modified_gmt":"2026-04-15T14:33:41","slug":"river-vs-carabobo-por-la-copa-sudamericana-2026-en-vivo-a-que-hora-es-formaciones-y-como-ver-el-partido-por-el-grupo-h","status":"publish","type":"post","link":"https:\/\/masquenoticiastucuman.com.ar\/?p=60592","title":{"rendered":"River vs Carabobo, por la Copa Sudamericana 2026, EN VIVO: a qu\u00e9 hora es, formaciones y c\u00f3mo ver el partido por el grupo H"},"content":{"rendered":"<ul>\n<li>El equipo de Coudet viene en racha y cuida titulares pensando en el Supercl\u00e1sico.<\/li>\n<li>Recibe a los venezolanos, que ganaron en el debut y son l\u00edderes.<\/li>\n<li>El partido se juega en el estadio Monumental: qui\u00e9n lo transmite por TV.<\/li>\n<\/ul>\n<p>\u200bEl equipo de Coudet viene en racha y cuida titulares pensando en el Supercl\u00e1sico.Recibe a los venezolanos, que ganaron en el debut y son l\u00edderes.El partido se juega en el estadio Monumental: qui\u00e9n lo transmite por TV.\u00a0<a href=\"https:\/\/www.clarin.com\/deportes\/river-vs-carabobo-copa-sudamericana-2026-vivo-hora-formaciones-ver-partido-grupo-h_0_hYRq9rcrFW.html\" target=\"_blank\" class=\"feedzy-rss-link-icon\">Read More<\/a><\/p>","protected":false},"excerpt":{"rendered":"<p>El equipo de Coudet viene en racha y cuida titulares pensando en el Supercl\u00e1sico. Recibe&#8230;<\/p>\n","protected":false},"author":1,"featured_media":0,"comment_status":"open","ping_status":"open","sticky":false,"template":"","format":"standard","meta":{"footnotes":""},"categories":[6],"tags":[],"class_list":["post-60592","post","type-post","status-publish","format-standard","has-post-thumbnail","hentry","category-deportes"],"_links":{"self":[{"href":"https:\/\/masquenoticiastucuman.com.ar\/index.php?rest_route=\/wp\/v2\/posts\/60592","targetHints":{"allow":["GET"]}}],"collection":[{"href":"https:\/\/masquenoticiastucuman.com.ar\/index.php?rest_route=\/wp\/v2\/posts"}],"about":[{"href":"https:\/\/masquenoticiastucuman.com.ar\/index.php?rest_route=\/wp\/v2\/types\/post"}],"author":[{"embeddable":true,"href":"https:\/\/masquenoticiastucuman.com.ar\/index.php?rest_route=\/wp\/v2\/users\/1"}],"replies":[{"embeddable":true,"href":"https:\/\/masquenoticiastucuman.com.ar\/index.php?rest_route=%2Fwp%2Fv2%2Fcomments&post=60592"}],"version-history":[{"count":0,"href":"https:\/\/masquenoticiastucuman.com.ar\/index.php?rest_route=\/wp\/v2\/posts\/60592\/revisions"}],"wp:attachment":[{"href":"https:\/\/masquenoticiastucuman.com.ar\/index.php?rest_route=%2Fwp%2Fv2%2Fmedia&parent=60592"}],"wp:term":[{"taxonomy":"category","embeddable":true,"href":"https:\/\/masquenoticiastucuman.com.ar\/index.php?rest_route=%2Fwp%2Fv2%2Fcategories&post=60592"},{"taxonomy":"post_tag","embeddable":true,"href":"https:\/\/masquenoticiastucuman.com.ar\/index.php?rest_route=%2Fwp%2Fv2%2Ftags&post=60592"}],"curies":[{"name":"wp","href":"https:\/\/api.w.org\/{rel}","templated":true}]}}