{"id":60597,"date":"2026-04-15T12:58:11","date_gmt":"2026-04-15T15:58:11","guid":{"rendered":"http:\/\/masquenoticiastucuman.com.ar\/?p=60597"},"modified":"2026-04-15T12:58:11","modified_gmt":"2026-04-15T15:58:11","slug":"luis-caputo-hablo-con-kristalina-georgieva-la-relacion-con-el-fondo-es-sonada-dijo","status":"publish","type":"post","link":"https:\/\/masquenoticiastucuman.com.ar\/?p=60597","title":{"rendered":"Luis Caputo habl\u00f3 con Kristalina Georgieva: &#8220;La relaci\u00f3n con el Fondo es so\u00f1ada&#8221;, dijo"},"content":{"rendered":"<ul>\n<li>El encuentro fue informal y tendr\u00e1n otro oficial el viernes en el marco de la Asamblea del organismo en Washington.<\/li>\n<li>El FMI aprob\u00f3 el acuerdo este mediod\u00eda.<\/li>\n<\/ul>\n<p>\u200bEl encuentro fue informal y tendr\u00e1n otro oficial el viernes en el marco de la Asamblea del organismo en Washington.El FMI aprob\u00f3 el acuerdo este mediod\u00eda.\u00a0<a href=\"https:\/\/www.clarin.com\/economia\/luis-caputo-encontro-fmi-kristalina-georgieva-hablaron-revision-programa-bien-dijo_0_F8mK34l5Jt.html\" target=\"_blank\" class=\"feedzy-rss-link-icon\">Read More<\/a><\/p>","protected":false},"excerpt":{"rendered":"<p>El encuentro fue informal y tendr\u00e1n otro oficial el viernes en el marco de la&#8230;<\/p>\n","protected":false},"author":1,"featured_media":0,"comment_status":"open","ping_status":"open","sticky":false,"template":"","format":"standard","meta":{"footnotes":""},"categories":[3],"tags":[],"class_list":["post-60597","post","type-post","status-publish","format-standard","has-post-thumbnail","hentry","category-nacionales"],"_links":{"self":[{"href":"https:\/\/masquenoticiastucuman.com.ar\/index.php?rest_route=\/wp\/v2\/posts\/60597","targetHints":{"allow":["GET"]}}],"collection":[{"href":"https:\/\/masquenoticiastucuman.com.ar\/index.php?rest_route=\/wp\/v2\/posts"}],"about":[{"href":"https:\/\/masquenoticiastucuman.com.ar\/index.php?rest_route=\/wp\/v2\/types\/post"}],"author":[{"embeddable":true,"href":"https:\/\/masquenoticiastucuman.com.ar\/index.php?rest_route=\/wp\/v2\/users\/1"}],"replies":[{"embeddable":true,"href":"https:\/\/masquenoticiastucuman.com.ar\/index.php?rest_route=%2Fwp%2Fv2%2Fcomments&post=60597"}],"version-history":[{"count":0,"href":"https:\/\/masquenoticiastucuman.com.ar\/index.php?rest_route=\/wp\/v2\/posts\/60597\/revisions"}],"wp:attachment":[{"href":"https:\/\/masquenoticiastucuman.com.ar\/index.php?rest_route=%2Fwp%2Fv2%2Fmedia&parent=60597"}],"wp:term":[{"taxonomy":"category","embeddable":true,"href":"https:\/\/masquenoticiastucuman.com.ar\/index.php?rest_route=%2Fwp%2Fv2%2Fcategories&post=60597"},{"taxonomy":"post_tag","embeddable":true,"href":"https:\/\/masquenoticiastucuman.com.ar\/index.php?rest_route=%2Fwp%2Fv2%2Ftags&post=60597"}],"curies":[{"name":"wp","href":"https:\/\/api.w.org\/{rel}","templated":true}]}}