{"id":60598,"date":"2026-04-15T12:13:47","date_gmt":"2026-04-15T15:13:47","guid":{"rendered":"http:\/\/masquenoticiastucuman.com.ar\/?p=60598"},"modified":"2026-04-15T12:13:47","modified_gmt":"2026-04-15T15:13:47","slug":"la-union-europea-puso-en-marcha-un-nuevo-sistema-digital-para-la-entrada-y-salida-de-turistas","status":"publish","type":"post","link":"https:\/\/masquenoticiastucuman.com.ar\/?p=60598","title":{"rendered":"La Uni\u00f3n Europea puso en marcha un nuevo sistema digital para la entrada y salida de turistas"},"content":{"rendered":"<ul>\n<li>La flamante normativa implementada por el bloque regional del Viejo Continente elimina los sellos y confecciona un registro electr\u00f3nico de los datos del viajero.<\/li>\n<li>Entr\u00f3 en vigencia el viernes 10 de abril, y ya ocasion\u00f3 demoras en los aeropuertos.<\/li>\n<\/ul>\n<p>\u200bLa flamante normativa implementada por el bloque regional del Viejo Continente elimina los sellos y confecciona un registro electr\u00f3nico de los datos del viajero.Entr\u00f3 en vigencia el viernes 10 de abril, y ya ocasion\u00f3 demoras en los aeropuertos.\u00a0<a href=\"https:\/\/www.clarin.com\/mundo\/union-europea-puso-marcha-nuevo-sistema-digital-entrada-salida-turistas_0_9TUruv9Z8r.html\" target=\"_blank\" class=\"feedzy-rss-link-icon\">Read More<\/a><\/p>","protected":false},"excerpt":{"rendered":"<p>La flamante normativa implementada por el bloque regional del Viejo Continente elimina los sellos y&#8230;<\/p>\n","protected":false},"author":1,"featured_media":60599,"comment_status":"open","ping_status":"open","sticky":false,"template":"","format":"standard","meta":{"footnotes":""},"categories":[4],"tags":[],"class_list":["post-60598","post","type-post","status-publish","format-standard","has-post-thumbnail","hentry","category-internacionales"],"_links":{"self":[{"href":"https:\/\/masquenoticiastucuman.com.ar\/index.php?rest_route=\/wp\/v2\/posts\/60598","targetHints":{"allow":["GET"]}}],"collection":[{"href":"https:\/\/masquenoticiastucuman.com.ar\/index.php?rest_route=\/wp\/v2\/posts"}],"about":[{"href":"https:\/\/masquenoticiastucuman.com.ar\/index.php?rest_route=\/wp\/v2\/types\/post"}],"author":[{"embeddable":true,"href":"https:\/\/masquenoticiastucuman.com.ar\/index.php?rest_route=\/wp\/v2\/users\/1"}],"replies":[{"embeddable":true,"href":"https:\/\/masquenoticiastucuman.com.ar\/index.php?rest_route=%2Fwp%2Fv2%2Fcomments&post=60598"}],"version-history":[{"count":0,"href":"https:\/\/masquenoticiastucuman.com.ar\/index.php?rest_route=\/wp\/v2\/posts\/60598\/revisions"}],"wp:featuredmedia":[{"embeddable":true,"href":"https:\/\/masquenoticiastucuman.com.ar\/index.php?rest_route=\/wp\/v2\/media\/60599"}],"wp:attachment":[{"href":"https:\/\/masquenoticiastucuman.com.ar\/index.php?rest_route=%2Fwp%2Fv2%2Fmedia&parent=60598"}],"wp:term":[{"taxonomy":"category","embeddable":true,"href":"https:\/\/masquenoticiastucuman.com.ar\/index.php?rest_route=%2Fwp%2Fv2%2Fcategories&post=60598"},{"taxonomy":"post_tag","embeddable":true,"href":"https:\/\/masquenoticiastucuman.com.ar\/index.php?rest_route=%2Fwp%2Fv2%2Ftags&post=60598"}],"curies":[{"name":"wp","href":"https:\/\/api.w.org\/{rel}","templated":true}]}}