{"id":60600,"date":"2026-04-15T11:54:33","date_gmt":"2026-04-15T14:54:33","guid":{"rendered":"http:\/\/masquenoticiastucuman.com.ar\/?p=60600"},"modified":"2026-04-15T11:54:33","modified_gmt":"2026-04-15T14:54:33","slug":"el-argentino-rafael-grossi-fue-elegido-por-la-revista-time-como-una-de-las-100-personas-mas-influyentes-del-ano","status":"publish","type":"post","link":"https:\/\/masquenoticiastucuman.com.ar\/?p=60600","title":{"rendered":"El argentino Rafael Grossi fue elegido por la revista Time como una de las 100 personas m\u00e1s influyentes del a\u00f1o"},"content":{"rendered":"<ul>\n<li>Actualmente es director del Organismo Internacional de Energ\u00eda At\u00f3mica (OIEA).<\/li>\n<li>Tambi\u00e9n suena como uno de los grandes candidatos a dirigir las Naciones Unidas.<\/li>\n<\/ul>\n<p>\u200bActualmente es director del Organismo Internacional de Energ\u00eda At\u00f3mica (OIEA).Tambi\u00e9n suena como uno de los grandes candidatos a dirigir las Naciones Unidas.\u00a0<a href=\"https:\/\/www.clarin.com\/mundo\/argentino-rafael-grossi-elegido-revista-time-100-personas-influyentes-ano_0_r9tgBDWpZj.html\" target=\"_blank\" class=\"feedzy-rss-link-icon\">Read More<\/a><\/p>","protected":false},"excerpt":{"rendered":"<p>Actualmente es director del Organismo Internacional de Energ\u00eda At\u00f3mica (OIEA). Tambi\u00e9n suena como uno de&#8230;<\/p>\n","protected":false},"author":1,"featured_media":60601,"comment_status":"open","ping_status":"open","sticky":false,"template":"","format":"standard","meta":{"footnotes":""},"categories":[4],"tags":[],"class_list":["post-60600","post","type-post","status-publish","format-standard","has-post-thumbnail","hentry","category-internacionales"],"_links":{"self":[{"href":"https:\/\/masquenoticiastucuman.com.ar\/index.php?rest_route=\/wp\/v2\/posts\/60600","targetHints":{"allow":["GET"]}}],"collection":[{"href":"https:\/\/masquenoticiastucuman.com.ar\/index.php?rest_route=\/wp\/v2\/posts"}],"about":[{"href":"https:\/\/masquenoticiastucuman.com.ar\/index.php?rest_route=\/wp\/v2\/types\/post"}],"author":[{"embeddable":true,"href":"https:\/\/masquenoticiastucuman.com.ar\/index.php?rest_route=\/wp\/v2\/users\/1"}],"replies":[{"embeddable":true,"href":"https:\/\/masquenoticiastucuman.com.ar\/index.php?rest_route=%2Fwp%2Fv2%2Fcomments&post=60600"}],"version-history":[{"count":0,"href":"https:\/\/masquenoticiastucuman.com.ar\/index.php?rest_route=\/wp\/v2\/posts\/60600\/revisions"}],"wp:featuredmedia":[{"embeddable":true,"href":"https:\/\/masquenoticiastucuman.com.ar\/index.php?rest_route=\/wp\/v2\/media\/60601"}],"wp:attachment":[{"href":"https:\/\/masquenoticiastucuman.com.ar\/index.php?rest_route=%2Fwp%2Fv2%2Fmedia&parent=60600"}],"wp:term":[{"taxonomy":"category","embeddable":true,"href":"https:\/\/masquenoticiastucuman.com.ar\/index.php?rest_route=%2Fwp%2Fv2%2Fcategories&post=60600"},{"taxonomy":"post_tag","embeddable":true,"href":"https:\/\/masquenoticiastucuman.com.ar\/index.php?rest_route=%2Fwp%2Fv2%2Ftags&post=60600"}],"curies":[{"name":"wp","href":"https:\/\/api.w.org\/{rel}","templated":true}]}}