{"id":60602,"date":"2026-04-15T13:02:47","date_gmt":"2026-04-15T16:02:47","guid":{"rendered":"http:\/\/masquenoticiastucuman.com.ar\/?p=60602"},"modified":"2026-04-15T13:02:47","modified_gmt":"2026-04-15T16:02:47","slug":"se-acabo-el-sueno-de-eva-de-dominici-adria-arjona-consiguio-el-papel-que-ella-queria-en-la-secuela-de-superman","status":"publish","type":"post","link":"https:\/\/masquenoticiastucuman.com.ar\/?p=60602","title":{"rendered":"Se acab\u00f3 el sue\u00f1o de Eva de Dominici: Adria Arjona consigui\u00f3 el papel que ella quer\u00eda en la secuela de Superman"},"content":{"rendered":"<ul>\n<li>La actriz argentina era una de las finalistas para sumarse al universo DC.<\/li>\n<li>Tras varias pruebas de c\u00e1mara, la hija del cantante Ricardo Arjona gan\u00f3 el rol para sumarse al elenco de la esperada secuela que llegar\u00e1 en 2027.<\/li>\n<\/ul>\n<p>\u200bLa actriz argentina era una de las finalistas para sumarse al universo DC.Tras varias pruebas de c\u00e1mara, la hija del cantante Ricardo Arjona gan\u00f3 el rol para sumarse al elenco de la esperada secuela que llegar\u00e1 en 2027.\u00a0<a href=\"https:\/\/www.clarin.com\/espectaculos\/acabo-sueno-eva-dominici-adria-arjona-consiguio-papel-queria-secuela-superman_0_U5oj4OnEf1.html\" target=\"_blank\" class=\"feedzy-rss-link-icon\">Read More<\/a><\/p>","protected":false},"excerpt":{"rendered":"<p>La actriz argentina era una de las finalistas para sumarse al universo DC. Tras varias&#8230;<\/p>\n","protected":false},"author":1,"featured_media":0,"comment_status":"open","ping_status":"open","sticky":false,"template":"","format":"standard","meta":{"footnotes":""},"categories":[5],"tags":[],"class_list":["post-60602","post","type-post","status-publish","format-standard","has-post-thumbnail","hentry","category-espectaculo"],"_links":{"self":[{"href":"https:\/\/masquenoticiastucuman.com.ar\/index.php?rest_route=\/wp\/v2\/posts\/60602","targetHints":{"allow":["GET"]}}],"collection":[{"href":"https:\/\/masquenoticiastucuman.com.ar\/index.php?rest_route=\/wp\/v2\/posts"}],"about":[{"href":"https:\/\/masquenoticiastucuman.com.ar\/index.php?rest_route=\/wp\/v2\/types\/post"}],"author":[{"embeddable":true,"href":"https:\/\/masquenoticiastucuman.com.ar\/index.php?rest_route=\/wp\/v2\/users\/1"}],"replies":[{"embeddable":true,"href":"https:\/\/masquenoticiastucuman.com.ar\/index.php?rest_route=%2Fwp%2Fv2%2Fcomments&post=60602"}],"version-history":[{"count":0,"href":"https:\/\/masquenoticiastucuman.com.ar\/index.php?rest_route=\/wp\/v2\/posts\/60602\/revisions"}],"wp:attachment":[{"href":"https:\/\/masquenoticiastucuman.com.ar\/index.php?rest_route=%2Fwp%2Fv2%2Fmedia&parent=60602"}],"wp:term":[{"taxonomy":"category","embeddable":true,"href":"https:\/\/masquenoticiastucuman.com.ar\/index.php?rest_route=%2Fwp%2Fv2%2Fcategories&post=60602"},{"taxonomy":"post_tag","embeddable":true,"href":"https:\/\/masquenoticiastucuman.com.ar\/index.php?rest_route=%2Fwp%2Fv2%2Ftags&post=60602"}],"curies":[{"name":"wp","href":"https:\/\/api.w.org\/{rel}","templated":true}]}}