{"id":60603,"date":"2026-04-15T12:41:38","date_gmt":"2026-04-15T15:41:38","guid":{"rendered":"http:\/\/masquenoticiastucuman.com.ar\/?p=60603"},"modified":"2026-04-15T12:41:38","modified_gmt":"2026-04-15T15:41:38","slug":"verguenza-laporta-en-llamas-con-el-arbitraje-tras-la-eliminacion-del-barcelona-ante-el-atletico-de-simeone","status":"publish","type":"post","link":"https:\/\/masquenoticiastucuman.com.ar\/?p=60603","title":{"rendered":"&#8220;Verg\u00fcenza&#8221;: Laporta en llamas con el arbitraje, tras la eliminaci\u00f3n del Barcelona ante el Atl\u00e9tico de Simeone"},"content":{"rendered":"<ul>\n<li>El presidente reelecto del Bar\u00e7a explot\u00f3 contra el arbitraje en los cuartos de final de la Champions.<\/li>\n<li>&#8220;Las decisiones tomadas perjudicaron gravemente los intereses del Barcelona. Es algo intolerable&#8221;, dijo Laporta.<\/li>\n<li>Como en la ida, el club iniciar\u00e1 un reclamo ante la UEFA.<\/li>\n<\/ul>\n<p>\u200bEl presidente reelecto del Bar\u00e7a explot\u00f3 contra el arbitraje en los cuartos de final de la Champions.&#8221;Las decisiones tomadas perjudicaron gravemente los intereses del Barcelona. Es algo intolerable&#8221;, dijo Laporta.Como en la ida, el club iniciar\u00e1 un reclamo ante la UEFA.\u00a0<a href=\"https:\/\/www.clarin.com\/deportes\/verguenza-laporta-llamas-arbitraje-eliminacion-barcelona-atletico-simeone_0_puOE52sUHl.html\" target=\"_blank\" class=\"feedzy-rss-link-icon\">Read More<\/a><\/p>","protected":false},"excerpt":{"rendered":"<p>El presidente reelecto del Bar\u00e7a explot\u00f3 contra el arbitraje en los cuartos de final de&#8230;<\/p>\n","protected":false},"author":1,"featured_media":0,"comment_status":"open","ping_status":"open","sticky":false,"template":"","format":"standard","meta":{"footnotes":""},"categories":[6],"tags":[],"class_list":["post-60603","post","type-post","status-publish","format-standard","has-post-thumbnail","hentry","category-deportes"],"_links":{"self":[{"href":"https:\/\/masquenoticiastucuman.com.ar\/index.php?rest_route=\/wp\/v2\/posts\/60603","targetHints":{"allow":["GET"]}}],"collection":[{"href":"https:\/\/masquenoticiastucuman.com.ar\/index.php?rest_route=\/wp\/v2\/posts"}],"about":[{"href":"https:\/\/masquenoticiastucuman.com.ar\/index.php?rest_route=\/wp\/v2\/types\/post"}],"author":[{"embeddable":true,"href":"https:\/\/masquenoticiastucuman.com.ar\/index.php?rest_route=\/wp\/v2\/users\/1"}],"replies":[{"embeddable":true,"href":"https:\/\/masquenoticiastucuman.com.ar\/index.php?rest_route=%2Fwp%2Fv2%2Fcomments&post=60603"}],"version-history":[{"count":0,"href":"https:\/\/masquenoticiastucuman.com.ar\/index.php?rest_route=\/wp\/v2\/posts\/60603\/revisions"}],"wp:attachment":[{"href":"https:\/\/masquenoticiastucuman.com.ar\/index.php?rest_route=%2Fwp%2Fv2%2Fmedia&parent=60603"}],"wp:term":[{"taxonomy":"category","embeddable":true,"href":"https:\/\/masquenoticiastucuman.com.ar\/index.php?rest_route=%2Fwp%2Fv2%2Fcategories&post=60603"},{"taxonomy":"post_tag","embeddable":true,"href":"https:\/\/masquenoticiastucuman.com.ar\/index.php?rest_route=%2Fwp%2Fv2%2Ftags&post=60603"}],"curies":[{"name":"wp","href":"https:\/\/api.w.org\/{rel}","templated":true}]}}