{"id":60604,"date":"2026-04-15T12:39:53","date_gmt":"2026-04-15T15:39:53","guid":{"rendered":"http:\/\/masquenoticiastucuman.com.ar\/?p=60604"},"modified":"2026-04-15T12:39:53","modified_gmt":"2026-04-15T15:39:53","slug":"los-hoteles-de-ee-uu-bajan-sus-tarifas-para-el-mundial-por-las-pocas-reservas-el-precio-de-las-entradas-desalienta-a-los-hinchas-a-viajar","status":"publish","type":"post","link":"https:\/\/masquenoticiastucuman.com.ar\/?p=60604","title":{"rendered":"Los hoteles de EE.UU. bajan sus tarifas para el Mundial por las pocas reservas: el precio de las entradas desalienta a los hinchas a viajar"},"content":{"rendered":"<ul>\n<li>En uno de los pa\u00edses anfitriones hay preocupaci\u00f3n porque la demanda de alojamientos no es la esperada.<\/li>\n<li>Crece la pol\u00e9mica por el valor de los tickets fijado por la FIFA.<\/li>\n<\/ul>\n<p>\u200bEn uno de los pa\u00edses anfitriones hay preocupaci\u00f3n porque la demanda de alojamientos no es la esperada.Crece la pol\u00e9mica por el valor de los tickets fijado por la FIFA.\u00a0<a href=\"https:\/\/www.clarin.com\/deportes\/hoteles-eeuu-bajan-tarifas-mundial-pocas-reservas-precio-entradas-desalienta-hinchas-viajar_0_30QAD8812O.html\" target=\"_blank\" class=\"feedzy-rss-link-icon\">Read More<\/a><\/p>","protected":false},"excerpt":{"rendered":"<p>En uno de los pa\u00edses anfitriones hay preocupaci\u00f3n porque la demanda de alojamientos no es&#8230;<\/p>\n","protected":false},"author":1,"featured_media":0,"comment_status":"open","ping_status":"open","sticky":false,"template":"","format":"standard","meta":{"footnotes":""},"categories":[6],"tags":[],"class_list":["post-60604","post","type-post","status-publish","format-standard","has-post-thumbnail","hentry","category-deportes"],"_links":{"self":[{"href":"https:\/\/masquenoticiastucuman.com.ar\/index.php?rest_route=\/wp\/v2\/posts\/60604","targetHints":{"allow":["GET"]}}],"collection":[{"href":"https:\/\/masquenoticiastucuman.com.ar\/index.php?rest_route=\/wp\/v2\/posts"}],"about":[{"href":"https:\/\/masquenoticiastucuman.com.ar\/index.php?rest_route=\/wp\/v2\/types\/post"}],"author":[{"embeddable":true,"href":"https:\/\/masquenoticiastucuman.com.ar\/index.php?rest_route=\/wp\/v2\/users\/1"}],"replies":[{"embeddable":true,"href":"https:\/\/masquenoticiastucuman.com.ar\/index.php?rest_route=%2Fwp%2Fv2%2Fcomments&post=60604"}],"version-history":[{"count":0,"href":"https:\/\/masquenoticiastucuman.com.ar\/index.php?rest_route=\/wp\/v2\/posts\/60604\/revisions"}],"wp:attachment":[{"href":"https:\/\/masquenoticiastucuman.com.ar\/index.php?rest_route=%2Fwp%2Fv2%2Fmedia&parent=60604"}],"wp:term":[{"taxonomy":"category","embeddable":true,"href":"https:\/\/masquenoticiastucuman.com.ar\/index.php?rest_route=%2Fwp%2Fv2%2Fcategories&post=60604"},{"taxonomy":"post_tag","embeddable":true,"href":"https:\/\/masquenoticiastucuman.com.ar\/index.php?rest_route=%2Fwp%2Fv2%2Ftags&post=60604"}],"curies":[{"name":"wp","href":"https:\/\/api.w.org\/{rel}","templated":true}]}}