{"id":60605,"date":"2026-04-15T14:37:32","date_gmt":"2026-04-15T17:37:32","guid":{"rendered":"http:\/\/masquenoticiastucuman.com.ar\/?p=60605"},"modified":"2026-04-15T14:37:32","modified_gmt":"2026-04-15T17:37:32","slug":"las-claves-del-acuerdo-con-el-fmi-menos-superavit-primario-mas-reservas-y-vivir-con-lo-nuestro","status":"publish","type":"post","link":"https:\/\/masquenoticiastucuman.com.ar\/?p=60605","title":{"rendered":"Las claves del acuerdo con el FMI: menos super\u00e1vit primario, m\u00e1s reservas y &#8220;vivir con lo nuestro&#8221;"},"content":{"rendered":"<ul>\n<li>Rebaj\u00f3 la proyecci\u00f3n del super\u00e1vit primario del 2,2 al 1,4% del PBI.<\/li>\n<li>Plantea un aumento ambicioso de las reservas netas.<\/li>\n<li>Y apoy\u00f3 la estrategia de financiarse sin volver a Wall Street.<\/li>\n<\/ul>\n<p>\u200bRebaj\u00f3 la proyecci\u00f3n del super\u00e1vit primario del 2,2 al 1,4% del PBI.Plantea un aumento ambicioso de las reservas netas.Y apoy\u00f3 la estrategia de financiarse sin volver a Wall Street.\u00a0<a href=\"https:\/\/www.clarin.com\/economia\/claves-acuerdo-fmi-superavit-primario-reservas-vivir_0_WJNtcrr13O.html\" target=\"_blank\" class=\"feedzy-rss-link-icon\">Read More<\/a><\/p>","protected":false},"excerpt":{"rendered":"<p>Rebaj\u00f3 la proyecci\u00f3n del super\u00e1vit primario del 2,2 al 1,4% del PBI. Plantea un aumento&#8230;<\/p>\n","protected":false},"author":1,"featured_media":0,"comment_status":"open","ping_status":"open","sticky":false,"template":"","format":"standard","meta":{"footnotes":""},"categories":[3],"tags":[],"class_list":["post-60605","post","type-post","status-publish","format-standard","has-post-thumbnail","hentry","category-nacionales"],"_links":{"self":[{"href":"https:\/\/masquenoticiastucuman.com.ar\/index.php?rest_route=\/wp\/v2\/posts\/60605","targetHints":{"allow":["GET"]}}],"collection":[{"href":"https:\/\/masquenoticiastucuman.com.ar\/index.php?rest_route=\/wp\/v2\/posts"}],"about":[{"href":"https:\/\/masquenoticiastucuman.com.ar\/index.php?rest_route=\/wp\/v2\/types\/post"}],"author":[{"embeddable":true,"href":"https:\/\/masquenoticiastucuman.com.ar\/index.php?rest_route=\/wp\/v2\/users\/1"}],"replies":[{"embeddable":true,"href":"https:\/\/masquenoticiastucuman.com.ar\/index.php?rest_route=%2Fwp%2Fv2%2Fcomments&post=60605"}],"version-history":[{"count":0,"href":"https:\/\/masquenoticiastucuman.com.ar\/index.php?rest_route=\/wp\/v2\/posts\/60605\/revisions"}],"wp:attachment":[{"href":"https:\/\/masquenoticiastucuman.com.ar\/index.php?rest_route=%2Fwp%2Fv2%2Fmedia&parent=60605"}],"wp:term":[{"taxonomy":"category","embeddable":true,"href":"https:\/\/masquenoticiastucuman.com.ar\/index.php?rest_route=%2Fwp%2Fv2%2Fcategories&post=60605"},{"taxonomy":"post_tag","embeddable":true,"href":"https:\/\/masquenoticiastucuman.com.ar\/index.php?rest_route=%2Fwp%2Fv2%2Ftags&post=60605"}],"curies":[{"name":"wp","href":"https:\/\/api.w.org\/{rel}","templated":true}]}}