{"id":60606,"date":"2026-04-15T15:20:10","date_gmt":"2026-04-15T18:20:10","guid":{"rendered":"http:\/\/masquenoticiastucuman.com.ar\/?p=60606"},"modified":"2026-04-15T15:20:10","modified_gmt":"2026-04-15T18:20:10","slug":"la-bbc-anuncio-un-plan-de-hasta-2-000-despidos-para-recortar-su-presupuesto","status":"publish","type":"post","link":"https:\/\/masquenoticiastucuman.com.ar\/?p=60606","title":{"rendered":"La BBC anunci\u00f3 un plan de hasta 2.000 despidos para recortar su presupuesto"},"content":{"rendered":"<ul>\n<li>La emisora p\u00fablica del Reino Unido prev\u00e9 echar a uno de cada 10 trabajadores de su plantilla.<\/li>\n<li>El trasfondo del programa de ajuste, entre un esc\u00e1ndalo por Trump y la llegada de un ex Google como director. <\/li>\n<\/ul>\n<p>\u200bLa emisora p\u00fablica del Reino Unido prev\u00e9 echar a uno de cada 10 trabajadores de su plantilla.El trasfondo del programa de ajuste, entre un esc\u00e1ndalo por Trump y la llegada de un ex Google como director.\u00a0<a href=\"https:\/\/www.clarin.com\/mundo\/bbc-anuncio-plan-2000-despidos-recortar-presupuesto_0_dSXT24kb5L.html\" target=\"_blank\" class=\"feedzy-rss-link-icon\">Read More<\/a><\/p>","protected":false},"excerpt":{"rendered":"<p>La emisora p\u00fablica del Reino Unido prev\u00e9 echar a uno de cada 10 trabajadores de&#8230;<\/p>\n","protected":false},"author":1,"featured_media":60607,"comment_status":"open","ping_status":"open","sticky":false,"template":"","format":"standard","meta":{"footnotes":""},"categories":[4],"tags":[],"class_list":["post-60606","post","type-post","status-publish","format-standard","has-post-thumbnail","hentry","category-internacionales"],"_links":{"self":[{"href":"https:\/\/masquenoticiastucuman.com.ar\/index.php?rest_route=\/wp\/v2\/posts\/60606","targetHints":{"allow":["GET"]}}],"collection":[{"href":"https:\/\/masquenoticiastucuman.com.ar\/index.php?rest_route=\/wp\/v2\/posts"}],"about":[{"href":"https:\/\/masquenoticiastucuman.com.ar\/index.php?rest_route=\/wp\/v2\/types\/post"}],"author":[{"embeddable":true,"href":"https:\/\/masquenoticiastucuman.com.ar\/index.php?rest_route=\/wp\/v2\/users\/1"}],"replies":[{"embeddable":true,"href":"https:\/\/masquenoticiastucuman.com.ar\/index.php?rest_route=%2Fwp%2Fv2%2Fcomments&post=60606"}],"version-history":[{"count":0,"href":"https:\/\/masquenoticiastucuman.com.ar\/index.php?rest_route=\/wp\/v2\/posts\/60606\/revisions"}],"wp:featuredmedia":[{"embeddable":true,"href":"https:\/\/masquenoticiastucuman.com.ar\/index.php?rest_route=\/wp\/v2\/media\/60607"}],"wp:attachment":[{"href":"https:\/\/masquenoticiastucuman.com.ar\/index.php?rest_route=%2Fwp%2Fv2%2Fmedia&parent=60606"}],"wp:term":[{"taxonomy":"category","embeddable":true,"href":"https:\/\/masquenoticiastucuman.com.ar\/index.php?rest_route=%2Fwp%2Fv2%2Fcategories&post=60606"},{"taxonomy":"post_tag","embeddable":true,"href":"https:\/\/masquenoticiastucuman.com.ar\/index.php?rest_route=%2Fwp%2Fv2%2Ftags&post=60606"}],"curies":[{"name":"wp","href":"https:\/\/api.w.org\/{rel}","templated":true}]}}