{"id":60608,"date":"2026-04-15T15:13:33","date_gmt":"2026-04-15T18:13:33","guid":{"rendered":"http:\/\/masquenoticiastucuman.com.ar\/?p=60608"},"modified":"2026-04-15T15:13:33","modified_gmt":"2026-04-15T18:13:33","slug":"la-guerra-estados-unidos-discute-una-segunda-ronda-de-negociaciones-con-iran-en-pakistan","status":"publish","type":"post","link":"https:\/\/masquenoticiastucuman.com.ar\/?p=60608","title":{"rendered":"La guerra: Estados Unidos discute una segunda ronda de negociaciones con Ir\u00e1n en Pakist\u00e1n"},"content":{"rendered":"<ul>\n<li>&#8220;Esas conversaciones se est\u00e1n llevando a cabo&#8221; y &#8220;somos optimistas respecto a las perspectivas de un acuerdo&#8221;, declar\u00f3 a la prensa la portavoz del Ejecutivo estadounidense, Karoline Leavitt.<\/li>\n<li>Y a\u00f1adi\u00f3 que &#8220;muy probablemente&#8221; se celebrar\u00edan nuevas conversaciones en Islamabad.<\/li>\n<\/ul>\n<p>\u200b&#8221;Esas conversaciones se est\u00e1n llevando a cabo&#8221; y &#8220;somos optimistas respecto a las perspectivas de un acuerdo&#8221;, declar\u00f3 a la prensa la portavoz del Ejecutivo estadounidense, Karoline Leavitt.Y a\u00f1adi\u00f3 que &#8220;muy probablemente&#8221; se celebrar\u00edan nuevas conversaciones en Islamabad.\u00a0<a href=\"https:\/\/www.clarin.com\/mundo\/guerra-estados-unidos-discute-segunda-ronda-negociaciones-iran-pakistan_0_HVWfBaHg5u.html\" target=\"_blank\" class=\"feedzy-rss-link-icon\">Read More<\/a><\/p>","protected":false},"excerpt":{"rendered":"<p>&#8220;Esas conversaciones se est\u00e1n llevando a cabo&#8221; y &#8220;somos optimistas respecto a las perspectivas de&#8230;<\/p>\n","protected":false},"author":1,"featured_media":60609,"comment_status":"open","ping_status":"open","sticky":false,"template":"","format":"standard","meta":{"footnotes":""},"categories":[4],"tags":[],"class_list":["post-60608","post","type-post","status-publish","format-standard","has-post-thumbnail","hentry","category-internacionales"],"_links":{"self":[{"href":"https:\/\/masquenoticiastucuman.com.ar\/index.php?rest_route=\/wp\/v2\/posts\/60608","targetHints":{"allow":["GET"]}}],"collection":[{"href":"https:\/\/masquenoticiastucuman.com.ar\/index.php?rest_route=\/wp\/v2\/posts"}],"about":[{"href":"https:\/\/masquenoticiastucuman.com.ar\/index.php?rest_route=\/wp\/v2\/types\/post"}],"author":[{"embeddable":true,"href":"https:\/\/masquenoticiastucuman.com.ar\/index.php?rest_route=\/wp\/v2\/users\/1"}],"replies":[{"embeddable":true,"href":"https:\/\/masquenoticiastucuman.com.ar\/index.php?rest_route=%2Fwp%2Fv2%2Fcomments&post=60608"}],"version-history":[{"count":0,"href":"https:\/\/masquenoticiastucuman.com.ar\/index.php?rest_route=\/wp\/v2\/posts\/60608\/revisions"}],"wp:featuredmedia":[{"embeddable":true,"href":"https:\/\/masquenoticiastucuman.com.ar\/index.php?rest_route=\/wp\/v2\/media\/60609"}],"wp:attachment":[{"href":"https:\/\/masquenoticiastucuman.com.ar\/index.php?rest_route=%2Fwp%2Fv2%2Fmedia&parent=60608"}],"wp:term":[{"taxonomy":"category","embeddable":true,"href":"https:\/\/masquenoticiastucuman.com.ar\/index.php?rest_route=%2Fwp%2Fv2%2Fcategories&post=60608"},{"taxonomy":"post_tag","embeddable":true,"href":"https:\/\/masquenoticiastucuman.com.ar\/index.php?rest_route=%2Fwp%2Fv2%2Ftags&post=60608"}],"curies":[{"name":"wp","href":"https:\/\/api.w.org\/{rel}","templated":true}]}}