{"id":60610,"date":"2026-04-15T15:45:34","date_gmt":"2026-04-15T18:45:34","guid":{"rendered":"http:\/\/masquenoticiastucuman.com.ar\/?p=60610"},"modified":"2026-04-15T15:45:34","modified_gmt":"2026-04-15T18:45:34","slug":"comenzo-el-rodaje-de-la-microserie-de-wanda-nara-y-maxi-lopez","status":"publish","type":"post","link":"https:\/\/masquenoticiastucuman.com.ar\/?p=60610","title":{"rendered":"Comenz\u00f3 el rodaje de la microserie de Wanda Nara y Maxi L\u00f3pez"},"content":{"rendered":"<ul>\n<li>Se interpretan a s\u00ed mismos.<\/li>\n<li>Tambi\u00e9n act\u00faan Georgina Barbarossa, Yanina Latorre, D\u00e9borah Nishimoto, C\u00e9sar Bord\u00f3n, Eugenia Guerty, Clara Kovacic y Pachu Pe\u00f1a.<\/li>\n<\/ul>\n<p>\u200bSe interpretan a s\u00ed mismos.Tambi\u00e9n act\u00faan Georgina Barbarossa, Yanina Latorre, D\u00e9borah Nishimoto, C\u00e9sar Bord\u00f3n, Eugenia Guerty, Clara Kovacic y Pachu Pe\u00f1a.\u00a0<a href=\"https:\/\/www.clarin.com\/espectaculos\/comenzo-rodaje-microserie-wanda-nara-maxi-lopez_0_FTZei2HNIe.html\" target=\"_blank\" class=\"feedzy-rss-link-icon\">Read More<\/a><\/p>","protected":false},"excerpt":{"rendered":"<p>Se interpretan a s\u00ed mismos. Tambi\u00e9n act\u00faan Georgina Barbarossa, Yanina Latorre, D\u00e9borah Nishimoto, C\u00e9sar Bord\u00f3n,&#8230;<\/p>\n","protected":false},"author":1,"featured_media":0,"comment_status":"open","ping_status":"open","sticky":false,"template":"","format":"standard","meta":{"footnotes":""},"categories":[5],"tags":[],"class_list":["post-60610","post","type-post","status-publish","format-standard","has-post-thumbnail","hentry","category-espectaculo"],"_links":{"self":[{"href":"https:\/\/masquenoticiastucuman.com.ar\/index.php?rest_route=\/wp\/v2\/posts\/60610","targetHints":{"allow":["GET"]}}],"collection":[{"href":"https:\/\/masquenoticiastucuman.com.ar\/index.php?rest_route=\/wp\/v2\/posts"}],"about":[{"href":"https:\/\/masquenoticiastucuman.com.ar\/index.php?rest_route=\/wp\/v2\/types\/post"}],"author":[{"embeddable":true,"href":"https:\/\/masquenoticiastucuman.com.ar\/index.php?rest_route=\/wp\/v2\/users\/1"}],"replies":[{"embeddable":true,"href":"https:\/\/masquenoticiastucuman.com.ar\/index.php?rest_route=%2Fwp%2Fv2%2Fcomments&post=60610"}],"version-history":[{"count":0,"href":"https:\/\/masquenoticiastucuman.com.ar\/index.php?rest_route=\/wp\/v2\/posts\/60610\/revisions"}],"wp:attachment":[{"href":"https:\/\/masquenoticiastucuman.com.ar\/index.php?rest_route=%2Fwp%2Fv2%2Fmedia&parent=60610"}],"wp:term":[{"taxonomy":"category","embeddable":true,"href":"https:\/\/masquenoticiastucuman.com.ar\/index.php?rest_route=%2Fwp%2Fv2%2Fcategories&post=60610"},{"taxonomy":"post_tag","embeddable":true,"href":"https:\/\/masquenoticiastucuman.com.ar\/index.php?rest_route=%2Fwp%2Fv2%2Ftags&post=60610"}],"curies":[{"name":"wp","href":"https:\/\/api.w.org\/{rel}","templated":true}]}}