{"id":60614,"date":"2026-04-15T16:02:38","date_gmt":"2026-04-15T19:02:38","guid":{"rendered":"http:\/\/masquenoticiastucuman.com.ar\/?p=60614"},"modified":"2026-04-15T16:02:38","modified_gmt":"2026-04-15T19:02:38","slug":"caputo-dijo-que-el-acuerdo-con-el-fmi-es-buenisimo-y-que-se-vive-un-pico-de-optimismo","status":"publish","type":"post","link":"https:\/\/masquenoticiastucuman.com.ar\/?p=60614","title":{"rendered":"Caputo dijo que el acuerdo con el FMI es &#8220;buen\u00edsimo&#8221; y que se vive &#8220;un pico de optimismo&#8221;"},"content":{"rendered":"<ul>\n<li>El ministro destac\u00f3 las nuevas metas de reservas y dijo que no habr\u00e1 &#8220;waiver&#8221; (o perd\u00f3n) sobre el tema.<\/li>\n<li>Habl\u00f3 a la salida de una reuni\u00f3n con inversionistas organizada por el JPMorgan en Washington. El viernes se reunir\u00e1 con Kristalina Georgieva.<\/li>\n<\/ul>\n<p>\u200bEl ministro destac\u00f3 las nuevas metas de reservas y dijo que no habr\u00e1 &#8220;waiver&#8221; (o perd\u00f3n) sobre el tema.Habl\u00f3 a la salida de una reuni\u00f3n con inversionistas organizada por el JPMorgan en Washington. El viernes se reunir\u00e1 con Kristalina Georgieva.\u00a0<a href=\"https:\/\/www.clarin.com\/economia\/caputo-dijo-acuerdo-fmi-buenisimo-vive-pico-optimismo_0_ElryXyp1qX.html\" target=\"_blank\" class=\"feedzy-rss-link-icon\">Read More<\/a><\/p>","protected":false},"excerpt":{"rendered":"<p>El ministro destac\u00f3 las nuevas metas de reservas y dijo que no habr\u00e1 &#8220;waiver&#8221; (o&#8230;<\/p>\n","protected":false},"author":1,"featured_media":0,"comment_status":"open","ping_status":"open","sticky":false,"template":"","format":"standard","meta":{"footnotes":""},"categories":[3],"tags":[],"class_list":["post-60614","post","type-post","status-publish","format-standard","has-post-thumbnail","hentry","category-nacionales"],"_links":{"self":[{"href":"https:\/\/masquenoticiastucuman.com.ar\/index.php?rest_route=\/wp\/v2\/posts\/60614","targetHints":{"allow":["GET"]}}],"collection":[{"href":"https:\/\/masquenoticiastucuman.com.ar\/index.php?rest_route=\/wp\/v2\/posts"}],"about":[{"href":"https:\/\/masquenoticiastucuman.com.ar\/index.php?rest_route=\/wp\/v2\/types\/post"}],"author":[{"embeddable":true,"href":"https:\/\/masquenoticiastucuman.com.ar\/index.php?rest_route=\/wp\/v2\/users\/1"}],"replies":[{"embeddable":true,"href":"https:\/\/masquenoticiastucuman.com.ar\/index.php?rest_route=%2Fwp%2Fv2%2Fcomments&post=60614"}],"version-history":[{"count":0,"href":"https:\/\/masquenoticiastucuman.com.ar\/index.php?rest_route=\/wp\/v2\/posts\/60614\/revisions"}],"wp:attachment":[{"href":"https:\/\/masquenoticiastucuman.com.ar\/index.php?rest_route=%2Fwp%2Fv2%2Fmedia&parent=60614"}],"wp:term":[{"taxonomy":"category","embeddable":true,"href":"https:\/\/masquenoticiastucuman.com.ar\/index.php?rest_route=%2Fwp%2Fv2%2Fcategories&post=60614"},{"taxonomy":"post_tag","embeddable":true,"href":"https:\/\/masquenoticiastucuman.com.ar\/index.php?rest_route=%2Fwp%2Fv2%2Ftags&post=60614"}],"curies":[{"name":"wp","href":"https:\/\/api.w.org\/{rel}","templated":true}]}}