{"id":60615,"date":"2026-04-15T16:08:07","date_gmt":"2026-04-15T19:08:07","guid":{"rendered":"http:\/\/masquenoticiastucuman.com.ar\/?p=60615"},"modified":"2026-04-15T16:08:07","modified_gmt":"2026-04-15T19:08:07","slug":"gira-por-africa-el-papa-pide-un-examen-de-conciencia-a-las-autoridades-de-camerun-para-combatir-la-corrupcion","status":"publish","type":"post","link":"https:\/\/masquenoticiastucuman.com.ar\/?p=60615","title":{"rendered":"Gira por \u00c1frica: el papa pide &#8220;un examen de conciencia&#8221; a las autoridades de Camer\u00fan para combatir la corrupci\u00f3n"},"content":{"rendered":"<ul>\n<li>Lo dijo durante un discurso ante el presidente Paul Biya, de 93 a\u00f1os de edad y desde hace 43 a\u00f1os presidente del pa\u00eds.<\/li>\n<li>El pa\u00eds tiene un alto \u00edndice de corrupci\u00f3n, que lo sit\u00faa en el puesto 142 de los 180 que integran la tabla elaborada por Transparencia Internacional.<\/li>\n<\/ul>\n<p>\u200bLo dijo durante un discurso ante el presidente Paul Biya, de 93 a\u00f1os de edad y desde hace 43 a\u00f1os presidente del pa\u00eds.El pa\u00eds tiene un alto \u00edndice de corrupci\u00f3n, que lo sit\u00faa en el puesto 142 de los 180 que integran la tabla elaborada por Transparencia Internacional.\u00a0<a href=\"https:\/\/www.clarin.com\/mundo\/gira-africa-papa-pide-examen-conciencia-autoridades-camerun-combatir-corrupcion_0_drvxgjLRlu.html\" target=\"_blank\" class=\"feedzy-rss-link-icon\">Read More<\/a><\/p>","protected":false},"excerpt":{"rendered":"<p>Lo dijo durante un discurso ante el presidente Paul Biya, de 93 a\u00f1os de edad&#8230;<\/p>\n","protected":false},"author":1,"featured_media":60616,"comment_status":"open","ping_status":"open","sticky":false,"template":"","format":"standard","meta":{"footnotes":""},"categories":[4],"tags":[],"class_list":["post-60615","post","type-post","status-publish","format-standard","has-post-thumbnail","hentry","category-internacionales"],"_links":{"self":[{"href":"https:\/\/masquenoticiastucuman.com.ar\/index.php?rest_route=\/wp\/v2\/posts\/60615","targetHints":{"allow":["GET"]}}],"collection":[{"href":"https:\/\/masquenoticiastucuman.com.ar\/index.php?rest_route=\/wp\/v2\/posts"}],"about":[{"href":"https:\/\/masquenoticiastucuman.com.ar\/index.php?rest_route=\/wp\/v2\/types\/post"}],"author":[{"embeddable":true,"href":"https:\/\/masquenoticiastucuman.com.ar\/index.php?rest_route=\/wp\/v2\/users\/1"}],"replies":[{"embeddable":true,"href":"https:\/\/masquenoticiastucuman.com.ar\/index.php?rest_route=%2Fwp%2Fv2%2Fcomments&post=60615"}],"version-history":[{"count":0,"href":"https:\/\/masquenoticiastucuman.com.ar\/index.php?rest_route=\/wp\/v2\/posts\/60615\/revisions"}],"wp:featuredmedia":[{"embeddable":true,"href":"https:\/\/masquenoticiastucuman.com.ar\/index.php?rest_route=\/wp\/v2\/media\/60616"}],"wp:attachment":[{"href":"https:\/\/masquenoticiastucuman.com.ar\/index.php?rest_route=%2Fwp%2Fv2%2Fmedia&parent=60615"}],"wp:term":[{"taxonomy":"category","embeddable":true,"href":"https:\/\/masquenoticiastucuman.com.ar\/index.php?rest_route=%2Fwp%2Fv2%2Fcategories&post=60615"},{"taxonomy":"post_tag","embeddable":true,"href":"https:\/\/masquenoticiastucuman.com.ar\/index.php?rest_route=%2Fwp%2Fv2%2Ftags&post=60615"}],"curies":[{"name":"wp","href":"https:\/\/api.w.org\/{rel}","templated":true}]}}