{"id":60617,"date":"2026-04-15T16:35:05","date_gmt":"2026-04-15T19:35:05","guid":{"rendered":"http:\/\/masquenoticiastucuman.com.ar\/?p=60617"},"modified":"2026-04-15T16:35:05","modified_gmt":"2026-04-15T19:35:05","slug":"francia-pierde-a-una-de-sus-figuras-para-el-mundial-quien-es-la-joya-del-liverpool-que-se-rompio-el-tendon-de-aquiles","status":"publish","type":"post","link":"https:\/\/masquenoticiastucuman.com.ar\/?p=60617","title":{"rendered":"Francia pierde a una de sus figuras para el Mundial: qui\u00e9n es la joya del Liverpool que se rompi\u00f3 el tend\u00f3n de Aquiles"},"content":{"rendered":"<ul>\n<li>Hugo Ekitik\u00e9 sufri\u00f3 la grave lesi\u00f3n en la derrota del conjunto ingl\u00e9s ante PSG.<\/li>\n<li>Didier Deschamps, entrenador de la selecci\u00f3n francesa, confirm\u00f3 el diagn\u00f3stico.<\/li>\n<li>El delantero llevaba 19 goles en la temporada.<\/li>\n<\/ul>\n<p>\u200bHugo Ekitik\u00e9 sufri\u00f3 la grave lesi\u00f3n en la derrota del conjunto ingl\u00e9s ante PSG.Didier Deschamps, entrenador de la selecci\u00f3n francesa, confirm\u00f3 el diagn\u00f3stico.El delantero llevaba 19 goles en la temporada.\u00a0<a href=\"https:\/\/www.clarin.com\/deportes\/francia-pierde-figuras-mundial-joya-liverpool-rompio-tendon-aquiles_0_XsxY29e8Go.html\" target=\"_blank\" class=\"feedzy-rss-link-icon\">Read More<\/a><\/p>","protected":false},"excerpt":{"rendered":"<p>Hugo Ekitik\u00e9 sufri\u00f3 la grave lesi\u00f3n en la derrota del conjunto ingl\u00e9s ante PSG. Didier&#8230;<\/p>\n","protected":false},"author":1,"featured_media":0,"comment_status":"open","ping_status":"open","sticky":false,"template":"","format":"standard","meta":{"footnotes":""},"categories":[6],"tags":[],"class_list":["post-60617","post","type-post","status-publish","format-standard","has-post-thumbnail","hentry","category-deportes"],"_links":{"self":[{"href":"https:\/\/masquenoticiastucuman.com.ar\/index.php?rest_route=\/wp\/v2\/posts\/60617","targetHints":{"allow":["GET"]}}],"collection":[{"href":"https:\/\/masquenoticiastucuman.com.ar\/index.php?rest_route=\/wp\/v2\/posts"}],"about":[{"href":"https:\/\/masquenoticiastucuman.com.ar\/index.php?rest_route=\/wp\/v2\/types\/post"}],"author":[{"embeddable":true,"href":"https:\/\/masquenoticiastucuman.com.ar\/index.php?rest_route=\/wp\/v2\/users\/1"}],"replies":[{"embeddable":true,"href":"https:\/\/masquenoticiastucuman.com.ar\/index.php?rest_route=%2Fwp%2Fv2%2Fcomments&post=60617"}],"version-history":[{"count":0,"href":"https:\/\/masquenoticiastucuman.com.ar\/index.php?rest_route=\/wp\/v2\/posts\/60617\/revisions"}],"wp:attachment":[{"href":"https:\/\/masquenoticiastucuman.com.ar\/index.php?rest_route=%2Fwp%2Fv2%2Fmedia&parent=60617"}],"wp:term":[{"taxonomy":"category","embeddable":true,"href":"https:\/\/masquenoticiastucuman.com.ar\/index.php?rest_route=%2Fwp%2Fv2%2Fcategories&post=60617"},{"taxonomy":"post_tag","embeddable":true,"href":"https:\/\/masquenoticiastucuman.com.ar\/index.php?rest_route=%2Fwp%2Fv2%2Ftags&post=60617"}],"curies":[{"name":"wp","href":"https:\/\/api.w.org\/{rel}","templated":true}]}}