{"id":60618,"date":"2026-04-15T15:47:32","date_gmt":"2026-04-15T18:47:32","guid":{"rendered":"http:\/\/masquenoticiastucuman.com.ar\/?p=60618"},"modified":"2026-04-15T15:47:32","modified_gmt":"2026-04-15T18:47:32","slug":"la-renuncia-de-mascherano-al-inter-miami-la-trama-detras-de-su-sorpresivo-adios-al-equipo-que-fue-campeon-de-la-mls-con-messi","status":"publish","type":"post","link":"https:\/\/masquenoticiastucuman.com.ar\/?p=60618","title":{"rendered":"La renuncia de Mascherano al Inter Miami: la trama detr\u00e1s de su sorpresivo adi\u00f3s al equipo que fue campe\u00f3n de la MLS con Messi"},"content":{"rendered":"<ul>\n<li>El Jefecito asegur\u00f3 que su decisi\u00f3n se debe a &#8220;motivos personales&#8221;.<\/li>\n<li>Lleg\u00f3 en reemplazo de Gerardo Martino, que se fue con el mismo argumento.<\/li>\n<li>Malos resultados, desgaste y un vestuario diferente al de 2025.<\/li>\n<\/ul>\n<p>\u200bEl Jefecito asegur\u00f3 que su decisi\u00f3n se debe a &#8220;motivos personales&#8221;.Lleg\u00f3 en reemplazo de Gerardo Martino, que se fue con el mismo argumento.Malos resultados, desgaste y un vestuario diferente al de 2025.\u00a0<a href=\"https:\/\/www.clarin.com\/deportes\/renuncia-mascherano-inter-miami-trama-detras-sorpresivo-adios-equipo-campeon-mls-messi_0_kV4fo71auY.html\" target=\"_blank\" class=\"feedzy-rss-link-icon\">Read More<\/a><\/p>","protected":false},"excerpt":{"rendered":"<p>El Jefecito asegur\u00f3 que su decisi\u00f3n se debe a &#8220;motivos personales&#8221;. Lleg\u00f3 en reemplazo de&#8230;<\/p>\n","protected":false},"author":1,"featured_media":0,"comment_status":"open","ping_status":"open","sticky":false,"template":"","format":"standard","meta":{"footnotes":""},"categories":[6],"tags":[],"class_list":["post-60618","post","type-post","status-publish","format-standard","has-post-thumbnail","hentry","category-deportes"],"_links":{"self":[{"href":"https:\/\/masquenoticiastucuman.com.ar\/index.php?rest_route=\/wp\/v2\/posts\/60618","targetHints":{"allow":["GET"]}}],"collection":[{"href":"https:\/\/masquenoticiastucuman.com.ar\/index.php?rest_route=\/wp\/v2\/posts"}],"about":[{"href":"https:\/\/masquenoticiastucuman.com.ar\/index.php?rest_route=\/wp\/v2\/types\/post"}],"author":[{"embeddable":true,"href":"https:\/\/masquenoticiastucuman.com.ar\/index.php?rest_route=\/wp\/v2\/users\/1"}],"replies":[{"embeddable":true,"href":"https:\/\/masquenoticiastucuman.com.ar\/index.php?rest_route=%2Fwp%2Fv2%2Fcomments&post=60618"}],"version-history":[{"count":0,"href":"https:\/\/masquenoticiastucuman.com.ar\/index.php?rest_route=\/wp\/v2\/posts\/60618\/revisions"}],"wp:attachment":[{"href":"https:\/\/masquenoticiastucuman.com.ar\/index.php?rest_route=%2Fwp%2Fv2%2Fmedia&parent=60618"}],"wp:term":[{"taxonomy":"category","embeddable":true,"href":"https:\/\/masquenoticiastucuman.com.ar\/index.php?rest_route=%2Fwp%2Fv2%2Fcategories&post=60618"},{"taxonomy":"post_tag","embeddable":true,"href":"https:\/\/masquenoticiastucuman.com.ar\/index.php?rest_route=%2Fwp%2Fv2%2Ftags&post=60618"}],"curies":[{"name":"wp","href":"https:\/\/api.w.org\/{rel}","templated":true}]}}