{"id":60620,"date":"2026-04-15T17:54:40","date_gmt":"2026-04-15T20:54:40","guid":{"rendered":"http:\/\/masquenoticiastucuman.com.ar\/?p=60620"},"modified":"2026-04-15T17:54:40","modified_gmt":"2026-04-15T20:54:40","slug":"la-venta-de-metrogas-los-neuss-suman-fondos-de-medio-oriente-para-competir-contra-jose-luis-manzano-y-central-puerto","status":"publish","type":"post","link":"https:\/\/masquenoticiastucuman.com.ar\/?p=60620","title":{"rendered":"La venta de Metrogas: los Neuss suman fondos de Medio Oriente para competir contra Jos\u00e9 Luis Manzano y Central Puerto"},"content":{"rendered":"<ul>\n<li>Son los mismos empresarios que tambi\u00e9n pujan por quedarse con Transener.<\/li>\n<li>Los Neuss van asociados al fondo soberano de Emiratos \u00c1rabes Unidos y a una empresa de Espa\u00f1a.<\/li>\n<\/ul>\n<p>\u200bSon los mismos empresarios que tambi\u00e9n pujan por quedarse con Transener.Los Neuss van asociados al fondo soberano de Emiratos \u00c1rabes Unidos y a una empresa de Espa\u00f1a.\u00a0<a href=\"https:\/\/www.clarin.com\/economia\/venta-metrogas-neuss-suman-fondos-medio-oriente-competir-jose-luis-manzano-central-puerto_0_q2DJAkUFto.html\" target=\"_blank\" class=\"feedzy-rss-link-icon\">Read More<\/a><\/p>","protected":false},"excerpt":{"rendered":"<p>Son los mismos empresarios que tambi\u00e9n pujan por quedarse con Transener. Los Neuss van asociados&#8230;<\/p>\n","protected":false},"author":1,"featured_media":0,"comment_status":"open","ping_status":"open","sticky":false,"template":"","format":"standard","meta":{"footnotes":""},"categories":[3],"tags":[],"class_list":["post-60620","post","type-post","status-publish","format-standard","has-post-thumbnail","hentry","category-nacionales"],"_links":{"self":[{"href":"https:\/\/masquenoticiastucuman.com.ar\/index.php?rest_route=\/wp\/v2\/posts\/60620","targetHints":{"allow":["GET"]}}],"collection":[{"href":"https:\/\/masquenoticiastucuman.com.ar\/index.php?rest_route=\/wp\/v2\/posts"}],"about":[{"href":"https:\/\/masquenoticiastucuman.com.ar\/index.php?rest_route=\/wp\/v2\/types\/post"}],"author":[{"embeddable":true,"href":"https:\/\/masquenoticiastucuman.com.ar\/index.php?rest_route=\/wp\/v2\/users\/1"}],"replies":[{"embeddable":true,"href":"https:\/\/masquenoticiastucuman.com.ar\/index.php?rest_route=%2Fwp%2Fv2%2Fcomments&post=60620"}],"version-history":[{"count":0,"href":"https:\/\/masquenoticiastucuman.com.ar\/index.php?rest_route=\/wp\/v2\/posts\/60620\/revisions"}],"wp:attachment":[{"href":"https:\/\/masquenoticiastucuman.com.ar\/index.php?rest_route=%2Fwp%2Fv2%2Fmedia&parent=60620"}],"wp:term":[{"taxonomy":"category","embeddable":true,"href":"https:\/\/masquenoticiastucuman.com.ar\/index.php?rest_route=%2Fwp%2Fv2%2Fcategories&post=60620"},{"taxonomy":"post_tag","embeddable":true,"href":"https:\/\/masquenoticiastucuman.com.ar\/index.php?rest_route=%2Fwp%2Fv2%2Ftags&post=60620"}],"curies":[{"name":"wp","href":"https:\/\/api.w.org\/{rel}","templated":true}]}}