{"id":60625,"date":"2026-04-15T17:30:27","date_gmt":"2026-04-15T20:30:27","guid":{"rendered":"http:\/\/masquenoticiastucuman.com.ar\/?p=60625"},"modified":"2026-04-15T17:30:27","modified_gmt":"2026-04-15T20:30:27","slug":"barcos-fantasma-el-spoofing-de-buques-en-el-estrecho-de-ormuz-amenaza-con-aumentar-el-caos-en-la-zona","status":"publish","type":"post","link":"https:\/\/masquenoticiastucuman.com.ar\/?p=60625","title":{"rendered":"Barcos &#8220;fantasma&#8221;: el &#8220;spoofing&#8221; de buques en el Estrecho de Ormuz amenaza con aumentar el caos en la zona"},"content":{"rendered":"<ul>\n<li>Expertos sostienen que las embarcaciones vinculadas a Ir\u00e1n est\u00e1n utilizando un m\u00e9todo perfeccionado por la &#8220;flota en las sombras&#8221; rusa para burlar el bloqueo.<\/li>\n<\/ul>\n<p>\u200bExpertos sostienen que las embarcaciones vinculadas a Ir\u00e1n est\u00e1n utilizando un m\u00e9todo perfeccionado por la &#8220;flota en las sombras&#8221; rusa para burlar el bloqueo.\u00a0<a href=\"https:\/\/www.clarin.com\/new-york-times-international-weekly\/barcos-fantasma-spoofing-buques-estrecho-ormuz-amenaza-aumentar-caos-zona_0_wNVqNHfhdl.html\" target=\"_blank\" class=\"feedzy-rss-link-icon\">Read More<\/a><\/p>","protected":false},"excerpt":{"rendered":"<p>Expertos sostienen que las embarcaciones vinculadas a Ir\u00e1n est\u00e1n utilizando un m\u00e9todo perfeccionado por la&#8230;<\/p>\n","protected":false},"author":1,"featured_media":60626,"comment_status":"open","ping_status":"open","sticky":false,"template":"","format":"standard","meta":{"footnotes":""},"categories":[4],"tags":[],"class_list":["post-60625","post","type-post","status-publish","format-standard","has-post-thumbnail","hentry","category-internacionales"],"_links":{"self":[{"href":"https:\/\/masquenoticiastucuman.com.ar\/index.php?rest_route=\/wp\/v2\/posts\/60625","targetHints":{"allow":["GET"]}}],"collection":[{"href":"https:\/\/masquenoticiastucuman.com.ar\/index.php?rest_route=\/wp\/v2\/posts"}],"about":[{"href":"https:\/\/masquenoticiastucuman.com.ar\/index.php?rest_route=\/wp\/v2\/types\/post"}],"author":[{"embeddable":true,"href":"https:\/\/masquenoticiastucuman.com.ar\/index.php?rest_route=\/wp\/v2\/users\/1"}],"replies":[{"embeddable":true,"href":"https:\/\/masquenoticiastucuman.com.ar\/index.php?rest_route=%2Fwp%2Fv2%2Fcomments&post=60625"}],"version-history":[{"count":0,"href":"https:\/\/masquenoticiastucuman.com.ar\/index.php?rest_route=\/wp\/v2\/posts\/60625\/revisions"}],"wp:featuredmedia":[{"embeddable":true,"href":"https:\/\/masquenoticiastucuman.com.ar\/index.php?rest_route=\/wp\/v2\/media\/60626"}],"wp:attachment":[{"href":"https:\/\/masquenoticiastucuman.com.ar\/index.php?rest_route=%2Fwp%2Fv2%2Fmedia&parent=60625"}],"wp:term":[{"taxonomy":"category","embeddable":true,"href":"https:\/\/masquenoticiastucuman.com.ar\/index.php?rest_route=%2Fwp%2Fv2%2Fcategories&post=60625"},{"taxonomy":"post_tag","embeddable":true,"href":"https:\/\/masquenoticiastucuman.com.ar\/index.php?rest_route=%2Fwp%2Fv2%2Ftags&post=60625"}],"curies":[{"name":"wp","href":"https:\/\/api.w.org\/{rel}","templated":true}]}}