{"id":60627,"date":"2026-04-15T18:54:32","date_gmt":"2026-04-15T21:54:32","guid":{"rendered":"http:\/\/masquenoticiastucuman.com.ar\/?p=60627"},"modified":"2026-04-15T18:54:32","modified_gmt":"2026-04-15T21:54:32","slug":"gp-de-espana-motogp-2026-en-el-circuito-de-jerez-fecha-hora-tv-y-donde-ver-online","status":"publish","type":"post","link":"https:\/\/masquenoticiastucuman.com.ar\/?p=60627","title":{"rendered":"GP de Espa\u00f1a MotoGP 2026 en el Circuito de Jerez: fecha, hora, TV y d\u00f3nde ver online"},"content":{"rendered":"<ul>\n<li>La carrera ser\u00e1 en el Circuito de Jerez-\u00c1ngel Nieto, en Andaluc\u00eda.<\/li>\n<li>En Moto3 y Moto2 competir\u00e1n respectivamente los argentinos Valent\u00edn Perrone y Marco Morelli.<\/li>\n<\/ul>\n<p>\u200bLa carrera ser\u00e1 en el Circuito de Jerez-\u00c1ngel Nieto, en Andaluc\u00eda.En Moto3 y Moto2 competir\u00e1n respectivamente los argentinos Valent\u00edn Perrone y Marco Morelli.\u00a0<a href=\"https:\/\/www.clarin.com\/deportes\/gp-espana-motogp-2026-circuito-jerez-fecha-hora-tv-ver-online_0_eVLPsn3Hrl.html\" target=\"_blank\" class=\"feedzy-rss-link-icon\">Read More<\/a><\/p>","protected":false},"excerpt":{"rendered":"<p>La carrera ser\u00e1 en el Circuito de Jerez-\u00c1ngel Nieto, en Andaluc\u00eda. En Moto3 y Moto2&#8230;<\/p>\n","protected":false},"author":1,"featured_media":0,"comment_status":"open","ping_status":"open","sticky":false,"template":"","format":"standard","meta":{"footnotes":""},"categories":[6],"tags":[],"class_list":["post-60627","post","type-post","status-publish","format-standard","has-post-thumbnail","hentry","category-deportes"],"_links":{"self":[{"href":"https:\/\/masquenoticiastucuman.com.ar\/index.php?rest_route=\/wp\/v2\/posts\/60627","targetHints":{"allow":["GET"]}}],"collection":[{"href":"https:\/\/masquenoticiastucuman.com.ar\/index.php?rest_route=\/wp\/v2\/posts"}],"about":[{"href":"https:\/\/masquenoticiastucuman.com.ar\/index.php?rest_route=\/wp\/v2\/types\/post"}],"author":[{"embeddable":true,"href":"https:\/\/masquenoticiastucuman.com.ar\/index.php?rest_route=\/wp\/v2\/users\/1"}],"replies":[{"embeddable":true,"href":"https:\/\/masquenoticiastucuman.com.ar\/index.php?rest_route=%2Fwp%2Fv2%2Fcomments&post=60627"}],"version-history":[{"count":0,"href":"https:\/\/masquenoticiastucuman.com.ar\/index.php?rest_route=\/wp\/v2\/posts\/60627\/revisions"}],"wp:attachment":[{"href":"https:\/\/masquenoticiastucuman.com.ar\/index.php?rest_route=%2Fwp%2Fv2%2Fmedia&parent=60627"}],"wp:term":[{"taxonomy":"category","embeddable":true,"href":"https:\/\/masquenoticiastucuman.com.ar\/index.php?rest_route=%2Fwp%2Fv2%2Fcategories&post=60627"},{"taxonomy":"post_tag","embeddable":true,"href":"https:\/\/masquenoticiastucuman.com.ar\/index.php?rest_route=%2Fwp%2Fv2%2Ftags&post=60627"}],"curies":[{"name":"wp","href":"https:\/\/api.w.org\/{rel}","templated":true}]}}