{"id":60628,"date":"2026-04-15T18:20:42","date_gmt":"2026-04-15T21:20:42","guid":{"rendered":"http:\/\/masquenoticiastucuman.com.ar\/?p=60628"},"modified":"2026-04-15T18:20:42","modified_gmt":"2026-04-15T21:20:42","slug":"franco-colapinto-sumo-rodaje-en-silverstone-mientras-que-en-buenos-aires-salieron-nuevas-entradas-para-la-exhibicion-y-se-agotaron-enseguida","status":"publish","type":"post","link":"https:\/\/masquenoticiastucuman.com.ar\/?p=60628","title":{"rendered":"Franco Colapinto sum\u00f3 rodaje en Silverstone, mientras que en Buenos Aires salieron nuevas entradas para la exhibici\u00f3n y se agotaron enseguida"},"content":{"rendered":"<ul>\n<li>El piloto argentino particip\u00f3 del segundo Filming Day en el circuito ingl\u00e9s.<\/li>\n<li>Acumul\u00f3 kil\u00f3metros para el GP de Miami, que ser\u00e1 del 1 al 3 de mayo.<\/li>\n<li>Pero antes, ser\u00e1 el Road Show en Argentina y se espera que se emitan m\u00e1s tickets.<\/li>\n<\/ul>\n<p>\u200bEl piloto argentino particip\u00f3 del segundo Filming Day en el circuito ingl\u00e9s.Acumul\u00f3 kil\u00f3metros para el GP de Miami, que ser\u00e1 del 1 al 3 de mayo.Pero antes, ser\u00e1 el Road Show en Argentina y se espera que se emitan m\u00e1s tickets.\u00a0<a href=\"https:\/\/www.clarin.com\/deportes\/franco-colapinto-sumo-rodaje-silverstone-buenos-aires-salieron-nuevas-entradas-exhibicion-agotaron-enseguida_0_cSsas5d4RN.html\" target=\"_blank\" class=\"feedzy-rss-link-icon\">Read More<\/a><\/p>","protected":false},"excerpt":{"rendered":"<p>El piloto argentino particip\u00f3 del segundo Filming Day en el circuito ingl\u00e9s. Acumul\u00f3 kil\u00f3metros para&#8230;<\/p>\n","protected":false},"author":1,"featured_media":0,"comment_status":"open","ping_status":"open","sticky":false,"template":"","format":"standard","meta":{"footnotes":""},"categories":[6],"tags":[],"class_list":["post-60628","post","type-post","status-publish","format-standard","has-post-thumbnail","hentry","category-deportes"],"_links":{"self":[{"href":"https:\/\/masquenoticiastucuman.com.ar\/index.php?rest_route=\/wp\/v2\/posts\/60628","targetHints":{"allow":["GET"]}}],"collection":[{"href":"https:\/\/masquenoticiastucuman.com.ar\/index.php?rest_route=\/wp\/v2\/posts"}],"about":[{"href":"https:\/\/masquenoticiastucuman.com.ar\/index.php?rest_route=\/wp\/v2\/types\/post"}],"author":[{"embeddable":true,"href":"https:\/\/masquenoticiastucuman.com.ar\/index.php?rest_route=\/wp\/v2\/users\/1"}],"replies":[{"embeddable":true,"href":"https:\/\/masquenoticiastucuman.com.ar\/index.php?rest_route=%2Fwp%2Fv2%2Fcomments&post=60628"}],"version-history":[{"count":0,"href":"https:\/\/masquenoticiastucuman.com.ar\/index.php?rest_route=\/wp\/v2\/posts\/60628\/revisions"}],"wp:attachment":[{"href":"https:\/\/masquenoticiastucuman.com.ar\/index.php?rest_route=%2Fwp%2Fv2%2Fmedia&parent=60628"}],"wp:term":[{"taxonomy":"category","embeddable":true,"href":"https:\/\/masquenoticiastucuman.com.ar\/index.php?rest_route=%2Fwp%2Fv2%2Fcategories&post=60628"},{"taxonomy":"post_tag","embeddable":true,"href":"https:\/\/masquenoticiastucuman.com.ar\/index.php?rest_route=%2Fwp%2Fv2%2Ftags&post=60628"}],"curies":[{"name":"wp","href":"https:\/\/api.w.org\/{rel}","templated":true}]}}