{"id":60630,"date":"2026-04-15T19:34:21","date_gmt":"2026-04-15T22:34:21","guid":{"rendered":"http:\/\/masquenoticiastucuman.com.ar\/?p=60630"},"modified":"2026-04-15T19:34:21","modified_gmt":"2026-04-15T22:34:21","slug":"por-mas-que-ya-ceda-la-inflacion-y-el-gobierno-se-muestre-optimista-el-partido-se-juega-hasta-el-minuto-90","status":"publish","type":"post","link":"https:\/\/masquenoticiastucuman.com.ar\/?p=60630","title":{"rendered":"Por m\u00e1s que ya ceda la inflaci\u00f3n y el Gobierno se muestre optimista, el partido se juega hasta el minuto 90"},"content":{"rendered":"<p>El problema de la econom\u00eda est\u00e1 no solo en la lucha contra los precios sino en recuperar el nivel de actividad afectado por la desinflaci\u00f3n. El desaf\u00edo a medida que se acerquen las elecciones.<\/p>\n<p>\u200bEl problema de la econom\u00eda est\u00e1 no solo en la lucha contra los precios sino en recuperar el nivel de actividad afectado por la desinflaci\u00f3n. El desaf\u00edo a medida que se acerquen las elecciones.\u00a0<a href=\"https:\/\/www.clarin.com\/economia\/ceda-inflacion-gobierno-muestre-optimista-partido-juega-minuto-90_0_1jDoGMAkU9.html\" target=\"_blank\" class=\"feedzy-rss-link-icon\">Read More<\/a><\/p>","protected":false},"excerpt":{"rendered":"<p>El problema de la econom\u00eda est\u00e1 no solo en la lucha contra los precios sino&#8230;<\/p>\n","protected":false},"author":1,"featured_media":0,"comment_status":"open","ping_status":"open","sticky":false,"template":"","format":"standard","meta":{"footnotes":""},"categories":[3],"tags":[],"class_list":["post-60630","post","type-post","status-publish","format-standard","has-post-thumbnail","hentry","category-nacionales"],"_links":{"self":[{"href":"https:\/\/masquenoticiastucuman.com.ar\/index.php?rest_route=\/wp\/v2\/posts\/60630","targetHints":{"allow":["GET"]}}],"collection":[{"href":"https:\/\/masquenoticiastucuman.com.ar\/index.php?rest_route=\/wp\/v2\/posts"}],"about":[{"href":"https:\/\/masquenoticiastucuman.com.ar\/index.php?rest_route=\/wp\/v2\/types\/post"}],"author":[{"embeddable":true,"href":"https:\/\/masquenoticiastucuman.com.ar\/index.php?rest_route=\/wp\/v2\/users\/1"}],"replies":[{"embeddable":true,"href":"https:\/\/masquenoticiastucuman.com.ar\/index.php?rest_route=%2Fwp%2Fv2%2Fcomments&post=60630"}],"version-history":[{"count":0,"href":"https:\/\/masquenoticiastucuman.com.ar\/index.php?rest_route=\/wp\/v2\/posts\/60630\/revisions"}],"wp:attachment":[{"href":"https:\/\/masquenoticiastucuman.com.ar\/index.php?rest_route=%2Fwp%2Fv2%2Fmedia&parent=60630"}],"wp:term":[{"taxonomy":"category","embeddable":true,"href":"https:\/\/masquenoticiastucuman.com.ar\/index.php?rest_route=%2Fwp%2Fv2%2Fcategories&post=60630"},{"taxonomy":"post_tag","embeddable":true,"href":"https:\/\/masquenoticiastucuman.com.ar\/index.php?rest_route=%2Fwp%2Fv2%2Ftags&post=60630"}],"curies":[{"name":"wp","href":"https:\/\/api.w.org\/{rel}","templated":true}]}}