{"id":60632,"date":"2026-04-15T19:52:59","date_gmt":"2026-04-15T22:52:59","guid":{"rendered":"http:\/\/masquenoticiastucuman.com.ar\/?p=60632"},"modified":"2026-04-15T19:52:59","modified_gmt":"2026-04-15T22:52:59","slug":"la-afa-anuncio-que-se-pondra-firme-con-los-jugadores-que-se-paren-sobre-la-pelota-sera-amonestado-y-se-cobrara-tiro-libre-indirecto","status":"publish","type":"post","link":"https:\/\/masquenoticiastucuman.com.ar\/?p=60632","title":{"rendered":"La AFA anunci\u00f3 que se pondr\u00e1 firme con los jugadores que se paren sobre la pelota: ser\u00e1 amonestado y se cobrar\u00e1 tiro libre indirecto"},"content":{"rendered":"<ul>\n<li>Aunque ya figuraba en el reglamento, se emiti\u00f3 una circular para recordar la medida.<\/li>\n<li>Los \u00e1rbitros deber\u00e1n sancionarla con amarilla y tiro libre indirecto.<\/li>\n<li>La medida abre debate entre la picard\u00eda futbolera y la provocaci\u00f3n.<\/li>\n<\/ul>\n<p>\u200bAunque ya figuraba en el reglamento, se emiti\u00f3 una circular para recordar la medida.Los \u00e1rbitros deber\u00e1n sancionarla con amarilla y tiro libre indirecto.La medida abre debate entre la picard\u00eda futbolera y la provocaci\u00f3n.\u00a0<a href=\"https:\/\/www.clarin.com\/deportes\/afa-anuncio-pondra-firme-jugadores-paren-pelota-amonestado-cobrara-tiro-libre-indirecto_0_AaJNpTMaZy.html\" target=\"_blank\" class=\"feedzy-rss-link-icon\">Read More<\/a><\/p>","protected":false},"excerpt":{"rendered":"<p>Aunque ya figuraba en el reglamento, se emiti\u00f3 una circular para recordar la medida. Los&#8230;<\/p>\n","protected":false},"author":1,"featured_media":0,"comment_status":"open","ping_status":"open","sticky":false,"template":"","format":"standard","meta":{"footnotes":""},"categories":[6],"tags":[],"class_list":["post-60632","post","type-post","status-publish","format-standard","has-post-thumbnail","hentry","category-deportes"],"_links":{"self":[{"href":"https:\/\/masquenoticiastucuman.com.ar\/index.php?rest_route=\/wp\/v2\/posts\/60632","targetHints":{"allow":["GET"]}}],"collection":[{"href":"https:\/\/masquenoticiastucuman.com.ar\/index.php?rest_route=\/wp\/v2\/posts"}],"about":[{"href":"https:\/\/masquenoticiastucuman.com.ar\/index.php?rest_route=\/wp\/v2\/types\/post"}],"author":[{"embeddable":true,"href":"https:\/\/masquenoticiastucuman.com.ar\/index.php?rest_route=\/wp\/v2\/users\/1"}],"replies":[{"embeddable":true,"href":"https:\/\/masquenoticiastucuman.com.ar\/index.php?rest_route=%2Fwp%2Fv2%2Fcomments&post=60632"}],"version-history":[{"count":0,"href":"https:\/\/masquenoticiastucuman.com.ar\/index.php?rest_route=\/wp\/v2\/posts\/60632\/revisions"}],"wp:attachment":[{"href":"https:\/\/masquenoticiastucuman.com.ar\/index.php?rest_route=%2Fwp%2Fv2%2Fmedia&parent=60632"}],"wp:term":[{"taxonomy":"category","embeddable":true,"href":"https:\/\/masquenoticiastucuman.com.ar\/index.php?rest_route=%2Fwp%2Fv2%2Fcategories&post=60632"},{"taxonomy":"post_tag","embeddable":true,"href":"https:\/\/masquenoticiastucuman.com.ar\/index.php?rest_route=%2Fwp%2Fv2%2Ftags&post=60632"}],"curies":[{"name":"wp","href":"https:\/\/api.w.org\/{rel}","templated":true}]}}