{"id":60633,"date":"2026-04-15T23:05:50","date_gmt":"2026-04-16T02:05:50","guid":{"rendered":"http:\/\/masquenoticiastucuman.com.ar\/?p=60633"},"modified":"2026-04-15T23:05:50","modified_gmt":"2026-04-16T02:05:50","slug":"el-director-de-una-escuela-de-oklahoma-evito-una-masacre-se-abalanzo-sobre-un-joven-armado-y-frustro-un-ataque-a-los-estudiantes","status":"publish","type":"post","link":"https:\/\/masquenoticiastucuman.com.ar\/?p=60633","title":{"rendered":"El director de una escuela de Oklahoma evit\u00f3 una masacre: se abalanz\u00f3 sobre un joven armado y frustr\u00f3 un ataque a los estudiantes"},"content":{"rendered":"<ul>\n<li>El episodio ocurri\u00f3 en una secundaria y el agresor confes\u00f3 que su intenci\u00f3n era matar a estudiantes y al directivo.<\/li>\n<li>La escena qued\u00f3 grabada por las c\u00e1maras de seguridad de la instituci\u00f3n.<\/li>\n<\/ul>\n<p>\u200bEl episodio ocurri\u00f3 en una secundaria y el agresor confes\u00f3 que su intenci\u00f3n era matar a estudiantes y al directivo.La escena qued\u00f3 grabada por las c\u00e1maras de seguridad de la instituci\u00f3n.\u00a0<a href=\"https:\/\/www.clarin.com\/mundo\/director-escuela-oklahoma-evito-masacre-abalanzo-joven-armado-frustro-ataque-estudiantes_0_eCt0DbVVVn.html\" target=\"_blank\" class=\"feedzy-rss-link-icon\">Read More<\/a><\/p>","protected":false},"excerpt":{"rendered":"<p>El episodio ocurri\u00f3 en una secundaria y el agresor confes\u00f3 que su intenci\u00f3n era matar&#8230;<\/p>\n","protected":false},"author":1,"featured_media":60634,"comment_status":"open","ping_status":"open","sticky":false,"template":"","format":"standard","meta":{"footnotes":""},"categories":[4],"tags":[],"class_list":["post-60633","post","type-post","status-publish","format-standard","has-post-thumbnail","hentry","category-internacionales"],"_links":{"self":[{"href":"https:\/\/masquenoticiastucuman.com.ar\/index.php?rest_route=\/wp\/v2\/posts\/60633","targetHints":{"allow":["GET"]}}],"collection":[{"href":"https:\/\/masquenoticiastucuman.com.ar\/index.php?rest_route=\/wp\/v2\/posts"}],"about":[{"href":"https:\/\/masquenoticiastucuman.com.ar\/index.php?rest_route=\/wp\/v2\/types\/post"}],"author":[{"embeddable":true,"href":"https:\/\/masquenoticiastucuman.com.ar\/index.php?rest_route=\/wp\/v2\/users\/1"}],"replies":[{"embeddable":true,"href":"https:\/\/masquenoticiastucuman.com.ar\/index.php?rest_route=%2Fwp%2Fv2%2Fcomments&post=60633"}],"version-history":[{"count":0,"href":"https:\/\/masquenoticiastucuman.com.ar\/index.php?rest_route=\/wp\/v2\/posts\/60633\/revisions"}],"wp:featuredmedia":[{"embeddable":true,"href":"https:\/\/masquenoticiastucuman.com.ar\/index.php?rest_route=\/wp\/v2\/media\/60634"}],"wp:attachment":[{"href":"https:\/\/masquenoticiastucuman.com.ar\/index.php?rest_route=%2Fwp%2Fv2%2Fmedia&parent=60633"}],"wp:term":[{"taxonomy":"category","embeddable":true,"href":"https:\/\/masquenoticiastucuman.com.ar\/index.php?rest_route=%2Fwp%2Fv2%2Fcategories&post=60633"},{"taxonomy":"post_tag","embeddable":true,"href":"https:\/\/masquenoticiastucuman.com.ar\/index.php?rest_route=%2Fwp%2Fv2%2Ftags&post=60633"}],"curies":[{"name":"wp","href":"https:\/\/api.w.org\/{rel}","templated":true}]}}