{"id":60635,"date":"2026-04-15T20:19:21","date_gmt":"2026-04-15T23:19:21","guid":{"rendered":"http:\/\/masquenoticiastucuman.com.ar\/?p=60635"},"modified":"2026-04-15T20:19:21","modified_gmt":"2026-04-15T23:19:21","slug":"lula-se-metio-en-la-pelea-de-donald-trump-con-el-papa-leon-xiv-su-duro-mensaje-contra-el-presidente-de-estados-unidos","status":"publish","type":"post","link":"https:\/\/masquenoticiastucuman.com.ar\/?p=60635","title":{"rendered":"Lula se meti\u00f3 en la pelea de Donald Trump con el papa Le\u00f3n XIV: su duro mensaje contra el presidente de Estados Unidos"},"content":{"rendered":"<ul>\n<li>El presidente de Brasil aludi\u00f3 al republicano como &#8220;un poderoso que se cree una divinidad&#8221;. <\/li>\n<li>Ocurre despu\u00e9s de que Trump atacara verbalmente al sumo pont\u00edfice, que critic\u00f3 la guerra en Medio Oriente.<\/li>\n<\/ul>\n<p>\u200bEl presidente de Brasil aludi\u00f3 al republicano como &#8220;un poderoso que se cree una divinidad&#8221;. Ocurre despu\u00e9s de que Trump atacara verbalmente al sumo pont\u00edfice, que critic\u00f3 la guerra en Medio Oriente.\u00a0<a href=\"https:\/\/www.clarin.com\/mundo\/lula-metio-pelea-donald-trump-papa-leon-xiv-duro-mensaje-presidente-estados-unidos_0_JvgWKkfSWV.html\" target=\"_blank\" class=\"feedzy-rss-link-icon\">Read More<\/a><\/p>","protected":false},"excerpt":{"rendered":"<p>El presidente de Brasil aludi\u00f3 al republicano como &#8220;un poderoso que se cree una divinidad&#8221;&#8230;.<\/p>\n","protected":false},"author":1,"featured_media":60636,"comment_status":"open","ping_status":"open","sticky":false,"template":"","format":"standard","meta":{"footnotes":""},"categories":[4],"tags":[],"class_list":["post-60635","post","type-post","status-publish","format-standard","has-post-thumbnail","hentry","category-internacionales"],"_links":{"self":[{"href":"https:\/\/masquenoticiastucuman.com.ar\/index.php?rest_route=\/wp\/v2\/posts\/60635","targetHints":{"allow":["GET"]}}],"collection":[{"href":"https:\/\/masquenoticiastucuman.com.ar\/index.php?rest_route=\/wp\/v2\/posts"}],"about":[{"href":"https:\/\/masquenoticiastucuman.com.ar\/index.php?rest_route=\/wp\/v2\/types\/post"}],"author":[{"embeddable":true,"href":"https:\/\/masquenoticiastucuman.com.ar\/index.php?rest_route=\/wp\/v2\/users\/1"}],"replies":[{"embeddable":true,"href":"https:\/\/masquenoticiastucuman.com.ar\/index.php?rest_route=%2Fwp%2Fv2%2Fcomments&post=60635"}],"version-history":[{"count":0,"href":"https:\/\/masquenoticiastucuman.com.ar\/index.php?rest_route=\/wp\/v2\/posts\/60635\/revisions"}],"wp:featuredmedia":[{"embeddable":true,"href":"https:\/\/masquenoticiastucuman.com.ar\/index.php?rest_route=\/wp\/v2\/media\/60636"}],"wp:attachment":[{"href":"https:\/\/masquenoticiastucuman.com.ar\/index.php?rest_route=%2Fwp%2Fv2%2Fmedia&parent=60635"}],"wp:term":[{"taxonomy":"category","embeddable":true,"href":"https:\/\/masquenoticiastucuman.com.ar\/index.php?rest_route=%2Fwp%2Fv2%2Fcategories&post=60635"},{"taxonomy":"post_tag","embeddable":true,"href":"https:\/\/masquenoticiastucuman.com.ar\/index.php?rest_route=%2Fwp%2Fv2%2Ftags&post=60635"}],"curies":[{"name":"wp","href":"https:\/\/api.w.org\/{rel}","templated":true}]}}