{"id":60641,"date":"2026-04-16T07:17:49","date_gmt":"2026-04-16T10:17:49","guid":{"rendered":"https:\/\/masquenoticiastucuman.com.ar\/?p=60641"},"modified":"2026-04-16T07:22:12","modified_gmt":"2026-04-16T10:22:12","slug":"el-gobierno-refuerza-medidas-de-seguridad-en-escuelas-ante-situaciones-de-violencia","status":"publish","type":"post","link":"https:\/\/masquenoticiastucuman.com.ar\/?p=60641","title":{"rendered":"El Gobierno refuerza medidas de seguridad en escuelas ante situaciones de violencia"},"content":{"rendered":"\n<p>A trav\u00e9s de un decreto, se ratifican acciones preventivas, se establecen sanciones y se fijan responsabilidades para garantizar el normal desarrollo del ciclo lectivo en la provincia.<\/p>\n\n\n\n<p id=\"isPasted\">El gobernador,&nbsp;<strong>Osvaldo Jaldo<\/strong>, firm\u00f3 hoy el Decreto N.\u00ba 772\/7 M.S., mediante el cual se refuerzan las medidas de prevenci\u00f3n, control y sanci\u00f3n frente a situaciones de violencia, amenazas y alteraciones del orden p\u00fablico en establecimientos educativos de la provincia.<\/p>\n\n\n\n<p>La normativa ratifica las instrucciones impartidas al Ministerio de Seguridad y a la Polic\u00eda de Tucum\u00e1n para adoptar todas las medidas necesarias que permitan prevenir hechos de violencia, intervenir ante situaciones de riesgo y garantizar la seguridad dentro y fuera de los establecimientos educativos.<\/p>\n\n\n\n<p>En ese marco, se dispone que las autoridades y directivos de instituciones educativas, tanto de gesti\u00f3n p\u00fablica como privada, ser\u00e1n responsables de la preservaci\u00f3n y el cuidado de los alumnos. En caso de incumplimiento de estas obligaciones, podr\u00e1n perder los subsidios o aportes que reciban del Estado provincial.<\/p>\n\n\n\n<p>Asimismo, el decreto instruye al Ministerio de Educaci\u00f3n a aplicar medidas correctivas, que incluyen la posibilidad de expulsi\u00f3n del sistema educativo provincial durante el presente ciclo lectivo para aquellos alumnos que incurran en conductas que pongan en riesgo el normal desarrollo de las clases.<\/p>\n\n\n\n<p>Por otra parte, se establece que los padres, tutores y responsables legales de los menores ser\u00e1n responsables en sede administrativa y\/o judicial por las conductas de los mismos, sin perjuicio de la responsabilidad solidaria por los da\u00f1os ocasionados.<\/p>\n\n\n\n<p>Adem\u00e1s, se prev\u00e9 que los menores involucrados en hechos de gravedad podr\u00e1n ser trasladados al instituto Brochero de Benjam\u00edn Paz, previa intervenci\u00f3n del Poder Judicial.<\/p>\n\n\n\n<p>El decreto entr\u00f3 en vigencia a partir de la fecha de su firma y ser\u00e1 refrendado por el ministro de Seguridad,&nbsp;<strong>Eugenio Ag\u00fcero Gamboa.<\/strong><\/p>\n\n\n\n<figure class=\"wp-block-image size-large\"><img loading=\"lazy\" decoding=\"async\" width=\"474\" height=\"1024\" src=\"https:\/\/masquenoticiastucuman.com.ar\/wp-content\/uploads\/2026\/04\/1-1-474x1024.jpeg\" alt=\"\" class=\"wp-image-60644\" srcset=\"https:\/\/masquenoticiastucuman.com.ar\/wp-content\/uploads\/2026\/04\/1-1-474x1024.jpeg 474w, https:\/\/masquenoticiastucuman.com.ar\/wp-content\/uploads\/2026\/04\/1-1-139x300.jpeg 139w, https:\/\/masquenoticiastucuman.com.ar\/wp-content\/uploads\/2026\/04\/1-1-710x1536.jpeg 710w, https:\/\/masquenoticiastucuman.com.ar\/wp-content\/uploads\/2026\/04\/1-1.jpeg 740w\" sizes=\"auto, (max-width: 474px) 100vw, 474px\" \/><\/figure>\n\n\n\n<figure class=\"wp-block-image size-large\"><img loading=\"lazy\" decoding=\"async\" width=\"474\" height=\"1024\" src=\"https:\/\/masquenoticiastucuman.com.ar\/wp-content\/uploads\/2026\/04\/2-1-474x1024.jpeg\" alt=\"\" class=\"wp-image-60645\" srcset=\"https:\/\/masquenoticiastucuman.com.ar\/wp-content\/uploads\/2026\/04\/2-1-474x1024.jpeg 474w, https:\/\/masquenoticiastucuman.com.ar\/wp-content\/uploads\/2026\/04\/2-1-139x300.jpeg 139w, https:\/\/masquenoticiastucuman.com.ar\/wp-content\/uploads\/2026\/04\/2-1-710x1536.jpeg 710w, https:\/\/masquenoticiastucuman.com.ar\/wp-content\/uploads\/2026\/04\/2-1.jpeg 740w\" sizes=\"auto, (max-width: 474px) 100vw, 474px\" \/><\/figure>\n\n\n\n<figure class=\"wp-block-image size-large\"><img loading=\"lazy\" decoding=\"async\" width=\"474\" height=\"1024\" src=\"https:\/\/masquenoticiastucuman.com.ar\/wp-content\/uploads\/2026\/04\/3-1-474x1024.jpeg\" alt=\"\" class=\"wp-image-60646\" srcset=\"https:\/\/masquenoticiastucuman.com.ar\/wp-content\/uploads\/2026\/04\/3-1-474x1024.jpeg 474w, https:\/\/masquenoticiastucuman.com.ar\/wp-content\/uploads\/2026\/04\/3-1-139x300.jpeg 139w, https:\/\/masquenoticiastucuman.com.ar\/wp-content\/uploads\/2026\/04\/3-1-710x1536.jpeg 710w, https:\/\/masquenoticiastucuman.com.ar\/wp-content\/uploads\/2026\/04\/3-1.jpeg 740w\" sizes=\"auto, (max-width: 474px) 100vw, 474px\" \/><\/figure>\n","protected":false},"excerpt":{"rendered":"<p>A trav\u00e9s de un decreto, se ratifican acciones preventivas, se establecen sanciones y se fijan&#8230;<\/p>\n","protected":false},"author":2,"featured_media":60642,"comment_status":"open","ping_status":"open","sticky":false,"template":"","format":"standard","meta":{"footnotes":""},"categories":[2],"tags":[],"class_list":["post-60641","post","type-post","status-publish","format-standard","has-post-thumbnail","hentry","category-locales"],"_links":{"self":[{"href":"https:\/\/masquenoticiastucuman.com.ar\/index.php?rest_route=\/wp\/v2\/posts\/60641","targetHints":{"allow":["GET"]}}],"collection":[{"href":"https:\/\/masquenoticiastucuman.com.ar\/index.php?rest_route=\/wp\/v2\/posts"}],"about":[{"href":"https:\/\/masquenoticiastucuman.com.ar\/index.php?rest_route=\/wp\/v2\/types\/post"}],"author":[{"embeddable":true,"href":"https:\/\/masquenoticiastucuman.com.ar\/index.php?rest_route=\/wp\/v2\/users\/2"}],"replies":[{"embeddable":true,"href":"https:\/\/masquenoticiastucuman.com.ar\/index.php?rest_route=%2Fwp%2Fv2%2Fcomments&post=60641"}],"version-history":[{"count":2,"href":"https:\/\/masquenoticiastucuman.com.ar\/index.php?rest_route=\/wp\/v2\/posts\/60641\/revisions"}],"predecessor-version":[{"id":60647,"href":"https:\/\/masquenoticiastucuman.com.ar\/index.php?rest_route=\/wp\/v2\/posts\/60641\/revisions\/60647"}],"wp:featuredmedia":[{"embeddable":true,"href":"https:\/\/masquenoticiastucuman.com.ar\/index.php?rest_route=\/wp\/v2\/media\/60642"}],"wp:attachment":[{"href":"https:\/\/masquenoticiastucuman.com.ar\/index.php?rest_route=%2Fwp%2Fv2%2Fmedia&parent=60641"}],"wp:term":[{"taxonomy":"category","embeddable":true,"href":"https:\/\/masquenoticiastucuman.com.ar\/index.php?rest_route=%2Fwp%2Fv2%2Fcategories&post=60641"},{"taxonomy":"post_tag","embeddable":true,"href":"https:\/\/masquenoticiastucuman.com.ar\/index.php?rest_route=%2Fwp%2Fv2%2Ftags&post=60641"}],"curies":[{"name":"wp","href":"https:\/\/api.w.org\/{rel}","templated":true}]}}