{"id":60648,"date":"2026-04-16T07:26:59","date_gmt":"2026-04-16T10:26:59","guid":{"rendered":"https:\/\/masquenoticiastucuman.com.ar\/?p=60648"},"modified":"2026-04-16T07:30:43","modified_gmt":"2026-04-16T10:30:43","slug":"un-hombre-fue-aprehendido-tras-ingresar-al-domicilio-de-una-mujer-y-amenazarla","status":"publish","type":"post","link":"https:\/\/masquenoticiastucuman.com.ar\/?p=60648","title":{"rendered":"Un hombre fue aprehendido tras ingresar al domicilio de una mujer y amenazarla"},"content":{"rendered":"\n<p>Mientras realizaba recorridos por calle Gobernador del Campo y Ruta Provincial 301, personal policial fue alertado sobre un conflicto en una vivienda de la zona.<\/p>\n\n\n\n<p id=\"isPasted\">Este mi\u00e9rcoles, un llamado deriv\u00f3 a un equipo de la Divisi\u00f3n Patrulla Motorizada El Manantial 911 hacia una vivienda ubicada en calle Antonio de Espinoza primera cuadra, donde un hombre se encontraba agrediendo verbalmente a la propietaria.<\/p>\n\n\n\n<p>Al llegar al lugar, los uniformados se entrevistaron con la v\u00edctima y constataron la situaci\u00f3n, por lo que procedieron a la aprehensi\u00f3n del involucrado y su traslado a la Comisar\u00eda El Manantial.<\/p>\n\n\n\n<p>Seguidamente, tras tomar intervenci\u00f3n, desde la Unidad Fiscal Criminal N\u00b0 2 ordenaron medidas de rigor, entre ellas la constataci\u00f3n de domicilio, la notificaci\u00f3n de prohibici\u00f3n de actos de amedrentamiento hacia la v\u00edctima y la verificaci\u00f3n de antecedentes del acusado.<\/p>\n","protected":false},"excerpt":{"rendered":"<p>Mientras realizaba recorridos por calle Gobernador del Campo y Ruta Provincial 301, personal policial fue&#8230;<\/p>\n","protected":false},"author":2,"featured_media":60649,"comment_status":"open","ping_status":"open","sticky":false,"template":"","format":"standard","meta":{"footnotes":""},"categories":[2],"tags":[],"class_list":["post-60648","post","type-post","status-publish","format-standard","has-post-thumbnail","hentry","category-locales"],"_links":{"self":[{"href":"https:\/\/masquenoticiastucuman.com.ar\/index.php?rest_route=\/wp\/v2\/posts\/60648","targetHints":{"allow":["GET"]}}],"collection":[{"href":"https:\/\/masquenoticiastucuman.com.ar\/index.php?rest_route=\/wp\/v2\/posts"}],"about":[{"href":"https:\/\/masquenoticiastucuman.com.ar\/index.php?rest_route=\/wp\/v2\/types\/post"}],"author":[{"embeddable":true,"href":"https:\/\/masquenoticiastucuman.com.ar\/index.php?rest_route=\/wp\/v2\/users\/2"}],"replies":[{"embeddable":true,"href":"https:\/\/masquenoticiastucuman.com.ar\/index.php?rest_route=%2Fwp%2Fv2%2Fcomments&post=60648"}],"version-history":[{"count":1,"href":"https:\/\/masquenoticiastucuman.com.ar\/index.php?rest_route=\/wp\/v2\/posts\/60648\/revisions"}],"predecessor-version":[{"id":60650,"href":"https:\/\/masquenoticiastucuman.com.ar\/index.php?rest_route=\/wp\/v2\/posts\/60648\/revisions\/60650"}],"wp:featuredmedia":[{"embeddable":true,"href":"https:\/\/masquenoticiastucuman.com.ar\/index.php?rest_route=\/wp\/v2\/media\/60649"}],"wp:attachment":[{"href":"https:\/\/masquenoticiastucuman.com.ar\/index.php?rest_route=%2Fwp%2Fv2%2Fmedia&parent=60648"}],"wp:term":[{"taxonomy":"category","embeddable":true,"href":"https:\/\/masquenoticiastucuman.com.ar\/index.php?rest_route=%2Fwp%2Fv2%2Fcategories&post=60648"},{"taxonomy":"post_tag","embeddable":true,"href":"https:\/\/masquenoticiastucuman.com.ar\/index.php?rest_route=%2Fwp%2Fv2%2Ftags&post=60648"}],"curies":[{"name":"wp","href":"https:\/\/api.w.org\/{rel}","templated":true}]}}