{"id":60652,"date":"2026-04-16T07:34:46","date_gmt":"2026-04-16T10:34:46","guid":{"rendered":"http:\/\/masquenoticiastucuman.com.ar\/?p=60652"},"modified":"2026-04-16T07:34:46","modified_gmt":"2026-04-16T10:34:46","slug":"refuta-la-posicion-de-la-ue-le-entregaron-al-canciller-quirno-un-documento-en-defensa-de-la-produccion-de-biodiesel","status":"publish","type":"post","link":"https:\/\/masquenoticiastucuman.com.ar\/?p=60652","title":{"rendered":"&#8220;Refuta la posici\u00f3n de la UE&#8221;: le entregaron al canciller Quirno un documento en defensa de la producci\u00f3n de biodi\u00e9sel"},"content":{"rendered":"<ul>\n<li>El dossier re\u00fane datos cient\u00edficos, econ\u00f3micos y productivos sobre la producci\u00f3n de este biocombustible. <\/li>\n<li>La Canciller\u00eda estar\u00e1 en Bruselas la semana pr\u00f3xima realizando aportes t\u00e9cnicos.<\/li>\n<\/ul>\n<p>\u200bEl dossier re\u00fane datos cient\u00edficos, econ\u00f3micos y productivos sobre la producci\u00f3n de este biocombustible. La Canciller\u00eda estar\u00e1 en Bruselas la semana pr\u00f3xima realizando aportes t\u00e9cnicos.\u00a0<a href=\"https:\/\/www.clarin.com\/rural\/refuta-posicion-ue-entregaron-canciller-quirno-documento-defensa-produccion-biodiesel_0_SmpxmFCU1u.html\" target=\"_blank\" class=\"feedzy-rss-link-icon\">Read More<\/a><\/p>","protected":false},"excerpt":{"rendered":"<p>El dossier re\u00fane datos cient\u00edficos, econ\u00f3micos y productivos sobre la producci\u00f3n de este biocombustible. La&#8230;<\/p>\n","protected":false},"author":1,"featured_media":0,"comment_status":"open","ping_status":"open","sticky":false,"template":"","format":"standard","meta":{"footnotes":""},"categories":[3],"tags":[],"class_list":["post-60652","post","type-post","status-publish","format-standard","has-post-thumbnail","hentry","category-nacionales"],"_links":{"self":[{"href":"https:\/\/masquenoticiastucuman.com.ar\/index.php?rest_route=\/wp\/v2\/posts\/60652","targetHints":{"allow":["GET"]}}],"collection":[{"href":"https:\/\/masquenoticiastucuman.com.ar\/index.php?rest_route=\/wp\/v2\/posts"}],"about":[{"href":"https:\/\/masquenoticiastucuman.com.ar\/index.php?rest_route=\/wp\/v2\/types\/post"}],"author":[{"embeddable":true,"href":"https:\/\/masquenoticiastucuman.com.ar\/index.php?rest_route=\/wp\/v2\/users\/1"}],"replies":[{"embeddable":true,"href":"https:\/\/masquenoticiastucuman.com.ar\/index.php?rest_route=%2Fwp%2Fv2%2Fcomments&post=60652"}],"version-history":[{"count":0,"href":"https:\/\/masquenoticiastucuman.com.ar\/index.php?rest_route=\/wp\/v2\/posts\/60652\/revisions"}],"wp:attachment":[{"href":"https:\/\/masquenoticiastucuman.com.ar\/index.php?rest_route=%2Fwp%2Fv2%2Fmedia&parent=60652"}],"wp:term":[{"taxonomy":"category","embeddable":true,"href":"https:\/\/masquenoticiastucuman.com.ar\/index.php?rest_route=%2Fwp%2Fv2%2Fcategories&post=60652"},{"taxonomy":"post_tag","embeddable":true,"href":"https:\/\/masquenoticiastucuman.com.ar\/index.php?rest_route=%2Fwp%2Fv2%2Ftags&post=60652"}],"curies":[{"name":"wp","href":"https:\/\/api.w.org\/{rel}","templated":true}]}}